{"id":163068,"date":"2020-04-09T18:44:15","date_gmt":"2020-04-09T21:44:15","guid":{"rendered":"http:\/\/www.caririemacao.com\/1\/?p=163068"},"modified":"2020-04-09T18:44:17","modified_gmt":"2020-04-09T21:44:17","slug":"covid-19-brasil-tem-17-857-casos-confirmados-e-941-mortes-segundo-ministerio","status":"publish","type":"post","link":"https:\/\/www.caririemacao.com\/1\/2020\/04\/09\/covid-19-brasil-tem-17-857-casos-confirmados-e-941-mortes-segundo-ministerio\/","title":{"rendered":"Covid-19: Brasil tem 17.857 casos confirmados e 941 mortes, segundo minist\u00e9rio"},"content":{"rendered":"\n<p>O balan\u00e7o dos casos de Covid-19 divulgados pelo\u00a0Minist\u00e9rio da Sa\u00fade\u00a0nesta quinta-feira (9) aponta:<\/p>\n\n\n\n<ul class=\"wp-block-list\"><li><strong>941 mortes<\/strong><\/li><li>17.857 casos confirmados<\/li><li>Letalidade: 5,27%<\/li><\/ul>\n\n\n\n<p>Na quarta (8),\u00a0havia 800 mortes e 15.927 casos confirmados<a href=\"https:\/\/g1.globo.com\/bemestar\/coronavirus\/noticia\/2020\/04\/05\/brasil-tem-486-mortes-e-11130-casos-confirmados-de-coronavirus-diz-ministerio.ghtml\">.<\/a>\u00a0S\u00e3o 1.930 casos (alta de 12%) e 141 mortes (alta de 18%) a mais em 24 horas. Tocantins \u00e9 o \u00fanico estado do pa\u00eds sem mortes devido \u00e0 Covid-19.<\/p>\n\n\n\n<p>O minist\u00e9rio tamb\u00e9m divulgou as regi\u00f5es com maior incid\u00eancia da doen\u00e7a no pa\u00eds &#8211; n\u00famero de infec\u00e7\u00f5es para cada 100 mil habitantes. Veja a lista:<\/p>\n\n\n\n<ul class=\"wp-block-list\"><li>1\u00aa regi\u00e3o de Fortaleza (CE) &#8211; 43,9<\/li><li>S\u00e3o Paulo (SP) &#8211; 40,4<\/li><li>Manaus, entorno, e Alto do Rio Negro &#8211; 28,1<\/li><li>Distrito Federal (DF) &#8211; 16,9<\/li><li>\u00c1rea Central (AP) &#8211; 16,8<\/li><li>Laguna (SC) &#8211; 15,7<\/li><li>Rio Negro e Solim\u00f5es (AM) &#8211; 15,4<\/li><li>Metropolitana (RJ) &#8211; 15,4<\/li><li>S\u00e3o Lu\u00eds (MA) &#8211; 15,1<\/li><li>Regi\u00e3o 22 &#8211; Pampa (RS) &#8211; 14,9<\/li><\/ul>\n\n\n\n<p>As tr\u00eas primeiras regi\u00f5es com a maior incid\u00eancia tamb\u00e9m s\u00e3o as que tem o maior coeficiente de mortalidade &#8211; \u00f3bitos por 100 mil habitantes. S\u00e3o elas: S\u00e3o Paulo (SP), com \u00edndice de 2,8 mortes por 100 mil; 1\u00aa Regi\u00e3o de Fortaleza (CE), com 1,5; e Rio Negro e Solim\u00f5es (AM), com 1,3.<\/p>\n\n\n\n<figure class=\"wp-block-image\"><img decoding=\"async\" data-src=\"https:\/\/s2.glbimg.com\/uyJSpyE7jF6Wxi6mYZHH4kbpdwk=\/0x0:1200x1374\/984x0\/smart\/filters:strip_icc()\/i.s3.glbimg.com\/v1\/AUTH_59edd422c0c84a879bd37670ae4f538a\/internal_photos\/bs\/2020\/g\/r\/bpksNGREi4uEwCTJ8xzA\/evolucao-covid-br0904.png\" alt=\"Evolu\u00e7\u00e3o dos casos do Sars-CoV-2 no Brasil at\u00e9 09 de abril \u2014 Foto: Guilherme Pinheiro\/G1\" src=\"data:image\/svg+xml;base64,PHN2ZyB3aWR0aD0iMSIgaGVpZ2h0PSIxIiB4bWxucz0iaHR0cDovL3d3dy53My5vcmcvMjAwMC9zdmciPjwvc3ZnPg==\" class=\"lazyload\" \/><\/figure>\n\n\n\n<p>Evolu\u00e7\u00e3o dos casos do Sars-CoV-2 no Brasil at\u00e9 09 de abril \u2014 Foto: Guilherme Pinheiro\/G1<br><\/p>\n\n\n\n<figure class=\"wp-block-image size-large\"><img fetchpriority=\"high\" decoding=\"async\" width=\"345\" height=\"1024\" src=\"http:\/\/www.caririemacao.com\/1\/wp-content\/uploads\/2020\/04\/mapa-brasil-casos-coronavirus0904-345x1024.jpeg\" alt=\"\" class=\"wp-image-163070\" srcset=\"https:\/\/www.caririemacao.com\/1\/wp-content\/uploads\/2020\/04\/mapa-brasil-casos-coronavirus0904-345x1024.jpeg 345w, https:\/\/www.caririemacao.com\/1\/wp-content\/uploads\/2020\/04\/mapa-brasil-casos-coronavirus0904-101x300.jpeg 101w, https:\/\/www.caririemacao.com\/1\/wp-content\/uploads\/2020\/04\/mapa-brasil-casos-coronavirus0904-768x2279.jpeg 768w, https:\/\/www.caririemacao.com\/1\/wp-content\/uploads\/2020\/04\/mapa-brasil-casos-coronavirus0904-518x1536.jpeg 518w, https:\/\/www.caririemacao.com\/1\/wp-content\/uploads\/2020\/04\/mapa-brasil-casos-coronavirus0904-690x2048.jpeg 690w, https:\/\/www.caririemacao.com\/1\/wp-content\/uploads\/2020\/04\/mapa-brasil-casos-coronavirus0904-scaled.jpeg 863w\" sizes=\"(max-width: 345px) 100vw, 345px\" \/><figcaption>Casos de coronav\u00edrus registrados no Brasil at\u00e9 9 de abril de 2020 \u2014 Foto: Guilherme Pinheiro\/G1<\/figcaption><\/figure>\n","protected":false},"excerpt":{"rendered":"<p>O balan\u00e7o dos casos de Covid-19 divulgados pelo\u00a0Minist\u00e9rio da Sa\u00fade\u00a0nesta quinta-feira (9) aponta: 941 mortes 17.857 casos confirmados Letalidade: 5,27% Na quarta (8),\u00a0havia 800 mortes&hellip; <\/p>\n","protected":false},"author":1,"featured_media":161390,"comment_status":"closed","ping_status":"closed","sticky":false,"template":"","format":"standard","meta":{"sfsi_plus_gutenberg_text_before_share":"","sfsi_plus_gutenberg_show_text_before_share":"","sfsi_plus_gutenberg_icon_type":"","sfsi_plus_gutenberg_icon_alignemt":"","sfsi_plus_gutenburg_max_per_row":"","footnotes":""},"categories":[50,16],"tags":[],"class_list":["post-163068","post","type-post","status-publish","format-standard","has-post-thumbnail","hentry","category-destaque","category-saude"],"_links":{"self":[{"href":"https:\/\/www.caririemacao.com\/1\/wp-json\/wp\/v2\/posts\/163068","targetHints":{"allow":["GET"]}}],"collection":[{"href":"https:\/\/www.caririemacao.com\/1\/wp-json\/wp\/v2\/posts"}],"about":[{"href":"https:\/\/www.caririemacao.com\/1\/wp-json\/wp\/v2\/types\/post"}],"author":[{"embeddable":true,"href":"https:\/\/www.caririemacao.com\/1\/wp-json\/wp\/v2\/users\/1"}],"replies":[{"embeddable":true,"href":"https:\/\/www.caririemacao.com\/1\/wp-json\/wp\/v2\/comments?post=163068"}],"version-history":[{"count":1,"href":"https:\/\/www.caririemacao.com\/1\/wp-json\/wp\/v2\/posts\/163068\/revisions"}],"predecessor-version":[{"id":163071,"href":"https:\/\/www.caririemacao.com\/1\/wp-json\/wp\/v2\/posts\/163068\/revisions\/163071"}],"wp:featuredmedia":[{"embeddable":true,"href":"https:\/\/www.caririemacao.com\/1\/wp-json\/wp\/v2\/media\/161390"}],"wp:attachment":[{"href":"https:\/\/www.caririemacao.com\/1\/wp-json\/wp\/v2\/media?parent=163068"}],"wp:term":[{"taxonomy":"category","embeddable":true,"href":"https:\/\/www.caririemacao.com\/1\/wp-json\/wp\/v2\/categories?post=163068"},{"taxonomy":"post_tag","embeddable":true,"href":"https:\/\/www.caririemacao.com\/1\/wp-json\/wp\/v2\/tags?post=163068"}],"curies":[{"name":"wp","href":"https:\/\/api.w.org\/{rel}","templated":true}]}}