{"id":163078,"date":"2020-04-09T19:54:35","date_gmt":"2020-04-09T22:54:35","guid":{"rendered":"http:\/\/www.caririemacao.com\/1\/?p=163078"},"modified":"2020-04-09T19:54:36","modified_gmt":"2020-04-09T22:54:36","slug":"tradicao-prefeitura-da-prata-distribui-peixes-e-ovos-de-pascoa-para-criancas-e-familias-carentes","status":"publish","type":"post","link":"https:\/\/www.caririemacao.com\/1\/2020\/04\/09\/tradicao-prefeitura-da-prata-distribui-peixes-e-ovos-de-pascoa-para-criancas-e-familias-carentes\/","title":{"rendered":"Tradi\u00e7\u00e3o: Prefeitura da Prata distribui peixes e ovos de p\u00e1scoa para crian\u00e7as e fam\u00edlias carentes"},"content":{"rendered":"\n<p>A Prefeitura de Prata realizou nesta \u00faltima quinta-feira, dia 09, a tradi\u00e7\u00e3o distribui\u00e7\u00e3o de peixes e ovos de p\u00e1scoa para crian\u00e7as.<br> Foram contempladas v\u00e1rias fam\u00edlias da zona urbana e zona rural conforme crit\u00e9rios sociais.<\/p>\n\n\n\n<figure class=\"wp-block-image size-large\"><img fetchpriority=\"high\" decoding=\"async\" width=\"1024\" height=\"768\" src=\"http:\/\/www.caririemacao.com\/1\/wp-content\/uploads\/2020\/04\/IMG-20200409-WA0202-1024x768.jpg\" alt=\"\" class=\"wp-image-163081\" srcset=\"https:\/\/www.caririemacao.com\/1\/wp-content\/uploads\/2020\/04\/IMG-20200409-WA0202-1024x768.jpg 1024w, https:\/\/www.caririemacao.com\/1\/wp-content\/uploads\/2020\/04\/IMG-20200409-WA0202-300x225.jpg 300w, https:\/\/www.caririemacao.com\/1\/wp-content\/uploads\/2020\/04\/IMG-20200409-WA0202-768x576.jpg 768w, https:\/\/www.caririemacao.com\/1\/wp-content\/uploads\/2020\/04\/IMG-20200409-WA0202.jpg 1152w\" sizes=\"(max-width: 1024px) 100vw, 1024px\" \/><\/figure>\n\n\n\n<p>A entrega foi feita Atrav\u00e9s da Secretaria de Assist\u00eancia Social.<br> &#8220;Quero aqui parabenizar ao prefeito pela boa a\u00e7\u00e3o de cestas b\u00e1sicas que doou para pessoas carentes, hoje entrega de peixes e ovos de pascoa para os alunos do municipio&#8221;, comentou o morador Valdeir.<\/p>\n\n\n\n<figure class=\"wp-block-image size-large\"><img decoding=\"async\" width=\"1024\" height=\"768\" data-src=\"http:\/\/www.caririemacao.com\/1\/wp-content\/uploads\/2020\/04\/IMG-20200409-WA0193-1024x768.jpg\" alt=\"\" class=\"wp-image-163083 lazyload\" data-srcset=\"https:\/\/www.caririemacao.com\/1\/wp-content\/uploads\/2020\/04\/IMG-20200409-WA0193-1024x768.jpg 1024w, https:\/\/www.caririemacao.com\/1\/wp-content\/uploads\/2020\/04\/IMG-20200409-WA0193-300x225.jpg 300w, https:\/\/www.caririemacao.com\/1\/wp-content\/uploads\/2020\/04\/IMG-20200409-WA0193-768x576.jpg 768w, https:\/\/www.caririemacao.com\/1\/wp-content\/uploads\/2020\/04\/IMG-20200409-WA0193.jpg 1152w\" data-sizes=\"(max-width: 1024px) 100vw, 1024px\" src=\"data:image\/svg+xml;base64,PHN2ZyB3aWR0aD0iMSIgaGVpZ2h0PSIxIiB4bWxucz0iaHR0cDovL3d3dy53My5vcmcvMjAwMC9zdmciPjwvc3ZnPg==\" style=\"--smush-placeholder-width: 1024px; --smush-placeholder-aspect-ratio: 1024\/768;\" \/><\/figure>\n","protected":false},"excerpt":{"rendered":"<p>A Prefeitura de Prata realizou nesta \u00faltima quinta-feira, dia 09, a tradi\u00e7\u00e3o distribui\u00e7\u00e3o de peixes e ovos de p\u00e1scoa para crian\u00e7as. Foram contempladas v\u00e1rias fam\u00edlias&hellip; <\/p>\n","protected":false},"author":1,"featured_media":163080,"comment_status":"closed","ping_status":"closed","sticky":false,"template":"","format":"standard","meta":{"sfsi_plus_gutenberg_text_before_share":"","sfsi_plus_gutenberg_show_text_before_share":"","sfsi_plus_gutenberg_icon_type":"","sfsi_plus_gutenberg_icon_alignemt":"","sfsi_plus_gutenburg_max_per_row":"","footnotes":""},"categories":[6,50],"tags":[],"class_list":["post-163078","post","type-post","status-publish","format-standard","has-post-thumbnail","hentry","category-cidades","category-destaque"],"_links":{"self":[{"href":"https:\/\/www.caririemacao.com\/1\/wp-json\/wp\/v2\/posts\/163078","targetHints":{"allow":["GET"]}}],"collection":[{"href":"https:\/\/www.caririemacao.com\/1\/wp-json\/wp\/v2\/posts"}],"about":[{"href":"https:\/\/www.caririemacao.com\/1\/wp-json\/wp\/v2\/types\/post"}],"author":[{"embeddable":true,"href":"https:\/\/www.caririemacao.com\/1\/wp-json\/wp\/v2\/users\/1"}],"replies":[{"embeddable":true,"href":"https:\/\/www.caririemacao.com\/1\/wp-json\/wp\/v2\/comments?post=163078"}],"version-history":[{"count":1,"href":"https:\/\/www.caririemacao.com\/1\/wp-json\/wp\/v2\/posts\/163078\/revisions"}],"predecessor-version":[{"id":163084,"href":"https:\/\/www.caririemacao.com\/1\/wp-json\/wp\/v2\/posts\/163078\/revisions\/163084"}],"wp:featuredmedia":[{"embeddable":true,"href":"https:\/\/www.caririemacao.com\/1\/wp-json\/wp\/v2\/media\/163080"}],"wp:attachment":[{"href":"https:\/\/www.caririemacao.com\/1\/wp-json\/wp\/v2\/media?parent=163078"}],"wp:term":[{"taxonomy":"category","embeddable":true,"href":"https:\/\/www.caririemacao.com\/1\/wp-json\/wp\/v2\/categories?post=163078"},{"taxonomy":"post_tag","embeddable":true,"href":"https:\/\/www.caririemacao.com\/1\/wp-json\/wp\/v2\/tags?post=163078"}],"curies":[{"name":"wp","href":"https:\/\/api.w.org\/{rel}","templated":true}]}}