{"id":163085,"date":"2020-04-09T22:27:10","date_gmt":"2020-04-10T01:27:10","guid":{"rendered":"http:\/\/www.caririemacao.com\/1\/?p=163085"},"modified":"2020-04-09T22:27:11","modified_gmt":"2020-04-10T01:27:11","slug":"covid-19-paraiba-tem-11-mortes-e-79-casos-confirmados-de-coronavirus","status":"publish","type":"post","link":"https:\/\/www.caririemacao.com\/1\/2020\/04\/09\/covid-19-paraiba-tem-11-mortes-e-79-casos-confirmados-de-coronavirus\/","title":{"rendered":"Covid-19: Para\u00edba tem 11 mortes e 79 casos confirmados de coronav\u00edrus"},"content":{"rendered":"\n<p>Subiu para 11 o n\u00famero de pessoas mortas em decorr\u00eancia da Covid-19 na Para\u00edba. H\u00e1 79 casos confirmados de pessoas infectadas pelo coronav\u00edrus no Estado.<\/p>\n\n\n\n<p>Uma das mortes registradas \u00e9 a da ex-servidora da Maternidade Frei Dami\u00e3o, em Jo\u00e3o Pessoa. Ela morreu no dia 24 de mar\u00e7o, em um hospital privado da Capital. O exame inicial deu inconclusivo, por\u00e9m a nova mostra apontou para infec\u00e7\u00e3o da covid-19.<\/p>\n\n\n\n<p>Tamb\u00e9m foram registrados os \u00f3bitos de um homem de 68 de Cabedelo, dois idosos, um de 84 e outros de 64 anos, ambos moravam em Jo\u00e3o Pessoa.<\/p>\n\n\n\n<p>Dos casos confirmados nesta quinta, 09 de abril, s\u00e3o 19 no munic\u00edpio de Jo\u00e3o Pessoa, 1 em Santa Rita, 2 em Patos e 2 em Cabedelo.<\/p>\n\n\n\n<p><strong>MaisPB<\/strong><\/p>\n","protected":false},"excerpt":{"rendered":"<p>Subiu para 11 o n\u00famero de pessoas mortas em decorr\u00eancia da Covid-19 na Para\u00edba. H\u00e1 79 casos confirmados de pessoas infectadas pelo coronav\u00edrus no Estado.&hellip; <\/p>\n","protected":false},"author":1,"featured_media":163086,"comment_status":"closed","ping_status":"closed","sticky":false,"template":"","format":"standard","meta":{"sfsi_plus_gutenberg_text_before_share":"","sfsi_plus_gutenberg_show_text_before_share":"","sfsi_plus_gutenberg_icon_type":"","sfsi_plus_gutenberg_icon_alignemt":"","sfsi_plus_gutenburg_max_per_row":"","footnotes":""},"categories":[16],"tags":[],"class_list":["post-163085","post","type-post","status-publish","format-standard","has-post-thumbnail","hentry","category-saude"],"_links":{"self":[{"href":"https:\/\/www.caririemacao.com\/1\/wp-json\/wp\/v2\/posts\/163085","targetHints":{"allow":["GET"]}}],"collection":[{"href":"https:\/\/www.caririemacao.com\/1\/wp-json\/wp\/v2\/posts"}],"about":[{"href":"https:\/\/www.caririemacao.com\/1\/wp-json\/wp\/v2\/types\/post"}],"author":[{"embeddable":true,"href":"https:\/\/www.caririemacao.com\/1\/wp-json\/wp\/v2\/users\/1"}],"replies":[{"embeddable":true,"href":"https:\/\/www.caririemacao.com\/1\/wp-json\/wp\/v2\/comments?post=163085"}],"version-history":[{"count":1,"href":"https:\/\/www.caririemacao.com\/1\/wp-json\/wp\/v2\/posts\/163085\/revisions"}],"predecessor-version":[{"id":163087,"href":"https:\/\/www.caririemacao.com\/1\/wp-json\/wp\/v2\/posts\/163085\/revisions\/163087"}],"wp:featuredmedia":[{"embeddable":true,"href":"https:\/\/www.caririemacao.com\/1\/wp-json\/wp\/v2\/media\/163086"}],"wp:attachment":[{"href":"https:\/\/www.caririemacao.com\/1\/wp-json\/wp\/v2\/media?parent=163085"}],"wp:term":[{"taxonomy":"category","embeddable":true,"href":"https:\/\/www.caririemacao.com\/1\/wp-json\/wp\/v2\/categories?post=163085"},{"taxonomy":"post_tag","embeddable":true,"href":"https:\/\/www.caririemacao.com\/1\/wp-json\/wp\/v2\/tags?post=163085"}],"curies":[{"name":"wp","href":"https:\/\/api.w.org\/{rel}","templated":true}]}}