{"id":163100,"date":"2020-04-10T07:03:37","date_gmt":"2020-04-10T10:03:37","guid":{"rendered":"http:\/\/www.caririemacao.com\/1\/?p=163100"},"modified":"2020-04-10T07:03:38","modified_gmt":"2020-04-10T10:03:38","slug":"pesquisa-maioria-dos-brasileiros-se-diz-bem-informada-sobre-coronavirus","status":"publish","type":"post","link":"https:\/\/www.caririemacao.com\/1\/2020\/04\/10\/pesquisa-maioria-dos-brasileiros-se-diz-bem-informada-sobre-coronavirus\/","title":{"rendered":"Pesquisa: Maioria dos brasileiros se diz bem informada sobre coronav\u00edrus"},"content":{"rendered":"\n<p>As informa\u00e7\u00f5es sobre a pandemia do coronav\u00edrus chegaram a praticamente toda a popula\u00e7\u00e3o, e 78% dizem que est\u00e3o bem informados sobre o assunto, de acordo com a mais recente pesquisa do Datafolha.<\/p>\n\n\n\n<p>Na lista sobre os meios mais usados para se informar a respeito, a TV continua como o preferido, citada por 81% dos entrevistados, seguida por redes sociais, com 29%, e sites de not\u00edcias\/jornais, com 28%.<\/p>\n\n\n\n<p>O instituto ouviu 1.511 pessoas de 1\u00ba a 3 deste m\u00eas. A margem de erro \u00e9 de tr\u00eas pontos percentuais, para mais ou para menos. A pesquisa foi feita por telefone, por causa da pandemia.<\/p>\n\n\n\n<p>Tanto na pesquisa mais recente quanto na anterior, feita de 18 a 20 de mar\u00e7o, 99% dos entrevistados disseram que tomaram conhecimento a respeito do coronav\u00edrus.<\/p>\n\n\n\n<p>Em mar\u00e7o, o \u00edndice de entrevistados que se diziam bem informados era de 72%. Agora, 20% disseram estar \u201cmais ou menos\u201d informados sobre o tema \u2013antes eram 24%.<\/p>\n\n\n\n<p>O n\u00edvel de conhecimento da pandemia sobe entre os mais velhos, entrevistados com ensino superior e moradores do Sudeste do pa\u00eds. Entre jovens de 16 a 24 anos, s\u00f3 62% dizem estar bem informados sobre o tema.<\/p>\n\n\n\n<p>No quesito confian\u00e7a, TV e jornais impressos continuam com os \u00edndices mais elevados junto \u00e0 popula\u00e7\u00e3o. Dizem que confiam nas informa\u00e7\u00f5es sobre o coronav\u00edrus divulgadas pelos programas jornal\u00edsticos de TV 54% dos entrevistados.<\/p>\n\n\n\n<p>Nos jornais impressos, a taxa \u00e9 de 51%.<\/p>\n\n\n\n<p>Dizem n\u00e3o confiar nas informa\u00e7\u00f5es de jornais impressos 12% dos entrevistados, e, no caso dos programas de televis\u00e3o, 14% dos ouvidos.<\/p>\n\n\n\n<p>Os \u00edndices de confian\u00e7a nesses dois tipos de ve\u00edculos de imprensa caem quando considerados apenas aqueles que avaliam a resposta \u00e0 crise dada pelo presidente Jair Bolsonaro como \u00f3tima ou boa e tamb\u00e9m entre quem declara ter votado nele na elei\u00e7\u00e3o presidencial de 2018.<\/p>\n\n\n\n<p>O presidente tem um hist\u00f3rico de cr\u00edticas a ve\u00edculos da imprensa profissional, que se acentuou diante da crise da pandemia, com a defesa que ele tem feito de que os riscos est\u00e3o superdimensionados pelas autoridades estaduais e pela m\u00eddia.<\/p>\n\n\n\n<p>Na popula\u00e7\u00e3o em geral, quando questionados a respeito da confian\u00e7a em informa\u00e7\u00f5es sobre o coronav\u00edrus veiculadas no WhatsApp e no Facebook, o \u00edndice vai para apenas 8%. Em mar\u00e7o, a confian\u00e7a nessas duas plataformas era de 12%.<\/p>\n\n\n\n<p>A confian\u00e7a nessas redes tende a ser um pouco maior entre quem tem n\u00edvel fundamental de escolaridade.<\/p>\n\n\n\n<p>Este levantamento do Datafolha, assim como o anterior, foi feito por telefone para evitar contato com o p\u00fablico em meio \u00e0 pandemia da Covid-19.<\/p>\n\n\n\n<p>A pesquisa mostrou aprova\u00e7\u00e3o majorit\u00e1ria a medidas de restri\u00e7\u00e3o da circula\u00e7\u00e3o, como fechamento do com\u00e9rcio e de escolas, e rejei\u00e7\u00e3o \u00e0 ren\u00fancia do presidente Bolsonaro.<\/p>\n\n\n\n<p>Os entrevistados, na m\u00e9dia, afirmam que as medidas de isolamento v\u00e3o durar 29 dias. Disseram ser a favor de que o governo pro\u00edba temporariamente a circula\u00e7\u00e3o de pessoas, como forma de evitar a dissemina\u00e7\u00e3o do v\u00edrus, 71% dos entrevistados.<\/p>\n","protected":false},"excerpt":{"rendered":"<p>As informa\u00e7\u00f5es sobre a pandemia do coronav\u00edrus chegaram a praticamente toda a popula\u00e7\u00e3o, e 78% dizem que est\u00e3o bem informados sobre o assunto, de acordo&hellip; <\/p>\n","protected":false},"author":2,"featured_media":162127,"comment_status":"closed","ping_status":"closed","sticky":false,"template":"","format":"standard","meta":{"sfsi_plus_gutenberg_text_before_share":"","sfsi_plus_gutenberg_show_text_before_share":"","sfsi_plus_gutenberg_icon_type":"","sfsi_plus_gutenberg_icon_alignemt":"","sfsi_plus_gutenburg_max_per_row":"","footnotes":""},"categories":[6],"tags":[],"class_list":["post-163100","post","type-post","status-publish","format-standard","has-post-thumbnail","hentry","category-cidades"],"_links":{"self":[{"href":"https:\/\/www.caririemacao.com\/1\/wp-json\/wp\/v2\/posts\/163100","targetHints":{"allow":["GET"]}}],"collection":[{"href":"https:\/\/www.caririemacao.com\/1\/wp-json\/wp\/v2\/posts"}],"about":[{"href":"https:\/\/www.caririemacao.com\/1\/wp-json\/wp\/v2\/types\/post"}],"author":[{"embeddable":true,"href":"https:\/\/www.caririemacao.com\/1\/wp-json\/wp\/v2\/users\/2"}],"replies":[{"embeddable":true,"href":"https:\/\/www.caririemacao.com\/1\/wp-json\/wp\/v2\/comments?post=163100"}],"version-history":[{"count":1,"href":"https:\/\/www.caririemacao.com\/1\/wp-json\/wp\/v2\/posts\/163100\/revisions"}],"predecessor-version":[{"id":163101,"href":"https:\/\/www.caririemacao.com\/1\/wp-json\/wp\/v2\/posts\/163100\/revisions\/163101"}],"wp:featuredmedia":[{"embeddable":true,"href":"https:\/\/www.caririemacao.com\/1\/wp-json\/wp\/v2\/media\/162127"}],"wp:attachment":[{"href":"https:\/\/www.caririemacao.com\/1\/wp-json\/wp\/v2\/media?parent=163100"}],"wp:term":[{"taxonomy":"category","embeddable":true,"href":"https:\/\/www.caririemacao.com\/1\/wp-json\/wp\/v2\/categories?post=163100"},{"taxonomy":"post_tag","embeddable":true,"href":"https:\/\/www.caririemacao.com\/1\/wp-json\/wp\/v2\/tags?post=163100"}],"curies":[{"name":"wp","href":"https:\/\/api.w.org\/{rel}","templated":true}]}}