{"id":163104,"date":"2020-04-10T07:05:24","date_gmt":"2020-04-10T10:05:24","guid":{"rendered":"http:\/\/www.caririemacao.com\/1\/?p=163104"},"modified":"2020-04-10T07:05:27","modified_gmt":"2020-04-10T10:05:27","slug":"paraiba-instala-barreira-sanitaria-nas-divisas-com-estados-vizinhos","status":"publish","type":"post","link":"https:\/\/www.caririemacao.com\/1\/2020\/04\/10\/paraiba-instala-barreira-sanitaria-nas-divisas-com-estados-vizinhos\/","title":{"rendered":"Para\u00edba instala barreira sanit\u00e1ria nas divisas com estados vizinhos"},"content":{"rendered":"\n<p>A Ag\u00eancia Estadual de Vigil\u00e2ncia Sanit\u00e1ria (Agevisa\/PB) deu in\u00edcio a mais uma a\u00e7\u00e3o do Governo da Para\u00edba para prevenir o avan\u00e7o dos casos de infec\u00e7\u00e3o pelo novo coronav\u00edrus no Estado.<\/p>\n\n\n\n<p>Desta vez foram instaladas barreiras sanit\u00e1rias nas estradas federais que cortam o territ\u00f3rio paraibano, come\u00e7ando pelas divisas da Para\u00edba com os Estados de Pernambuco e Rio Grande do Norte. Na pr\u00f3xima semana tamb\u00e9m ser\u00e1 instalada barreira sanit\u00e1ria na divisa com o Cear\u00e1.<\/p>\n\n\n\n<p>Para viabilizar a a\u00e7\u00e3o, que tem o apoio da Pol\u00edcia Militar, do Corpo de Bombeiros e da Pol\u00edcia Rodovi\u00e1ria Federal, a Agevisa\/PB contou com refor\u00e7o de pessoal viabilizado pela Chamada P\u00fablica do Governo do Estado para contrata\u00e7\u00e3o, em car\u00e1ter de urg\u00eancia, de 2.453 profissionais da \u00e1rea de sa\u00fade para atuar no combate ao coronav\u00edrus na Para\u00edba.<\/p>\n\n\n\n<figure class=\"wp-block-image\"><img decoding=\"async\" data-src=\"https:\/\/paraibaonline.com.br\/wp-content\/uploads\/2020\/04\/acao-agevisa-secompb3.jpg\" alt=\"Foto: Secom\/PB\" class=\"wp-image-849093 lazyload\" src=\"data:image\/svg+xml;base64,PHN2ZyB3aWR0aD0iMSIgaGVpZ2h0PSIxIiB4bWxucz0iaHR0cDovL3d3dy53My5vcmcvMjAwMC9zdmciPjwvc3ZnPg==\" \/><\/figure>\n\n\n\n<p>Foto: Secom\/PB<\/p>\n\n\n\n<p>Segundo a diretora-geral, J\u00f3ria Viana Guerreiro, pelo menos dez desses profissionais contratados participam das barreiras coordenadas pela ag\u00eancia reguladora estadual.<\/p>\n\n\n\n<p>Coordenadas pelo diretor-t\u00e9cnico de Estabelecimentos e Pr\u00e1tica de Sa\u00fade e de Sa\u00fade do Trabalhador, Geraldo Moreira de Menezes, as barreiras sanit\u00e1rias acontecem durante o per\u00edodo das 8h \u00e0s 17h enquanto durarem os efeitos do Decreto assinado pelo governador Jo\u00e3o Azev\u00eado que declarou situa\u00e7\u00e3o de Emerg\u00eancia no estado da Para\u00edba.<\/p>\n\n\n\n<p>Conforme Geraldo Menezes, os agentes envolvidos nas barreiras sanit\u00e1rias est\u00e3o conferindo a temperatura corporal dos condutores e passageiros dos autom\u00f3veis que entram no territ\u00f3rio paraibano para verificar se algum apresenta suspeita de infec\u00e7\u00e3o pelo coronav\u00edrus.<\/p>\n\n\n\n<p>Al\u00e9m de aferirem a temperatura das pessoas que chegam \u00e0 Para\u00edba, os profissionais tamb\u00e9m prestam esclarecimentos sobre o que \u00e9 a Covid-19, os cuidados de isolamento social e higiene que devem ser tomados para evit\u00e1-la e sobre os procedimentos que devem ser observados e seguidos nos casos de suspeita ou confirma\u00e7\u00e3o da infec\u00e7\u00e3o pelo novo coronav\u00edrus.<\/p>\n","protected":false},"excerpt":{"rendered":"<p>A Ag\u00eancia Estadual de Vigil\u00e2ncia Sanit\u00e1ria (Agevisa\/PB) deu in\u00edcio a mais uma a\u00e7\u00e3o do Governo da Para\u00edba para prevenir o avan\u00e7o dos casos de infec\u00e7\u00e3o&hellip; <\/p>\n","protected":false},"author":2,"featured_media":163105,"comment_status":"closed","ping_status":"closed","sticky":false,"template":"","format":"standard","meta":{"sfsi_plus_gutenberg_text_before_share":"","sfsi_plus_gutenberg_show_text_before_share":"","sfsi_plus_gutenberg_icon_type":"","sfsi_plus_gutenberg_icon_alignemt":"","sfsi_plus_gutenburg_max_per_row":"","footnotes":""},"categories":[6],"tags":[],"class_list":["post-163104","post","type-post","status-publish","format-standard","has-post-thumbnail","hentry","category-cidades"],"_links":{"self":[{"href":"https:\/\/www.caririemacao.com\/1\/wp-json\/wp\/v2\/posts\/163104","targetHints":{"allow":["GET"]}}],"collection":[{"href":"https:\/\/www.caririemacao.com\/1\/wp-json\/wp\/v2\/posts"}],"about":[{"href":"https:\/\/www.caririemacao.com\/1\/wp-json\/wp\/v2\/types\/post"}],"author":[{"embeddable":true,"href":"https:\/\/www.caririemacao.com\/1\/wp-json\/wp\/v2\/users\/2"}],"replies":[{"embeddable":true,"href":"https:\/\/www.caririemacao.com\/1\/wp-json\/wp\/v2\/comments?post=163104"}],"version-history":[{"count":1,"href":"https:\/\/www.caririemacao.com\/1\/wp-json\/wp\/v2\/posts\/163104\/revisions"}],"predecessor-version":[{"id":163106,"href":"https:\/\/www.caririemacao.com\/1\/wp-json\/wp\/v2\/posts\/163104\/revisions\/163106"}],"wp:featuredmedia":[{"embeddable":true,"href":"https:\/\/www.caririemacao.com\/1\/wp-json\/wp\/v2\/media\/163105"}],"wp:attachment":[{"href":"https:\/\/www.caririemacao.com\/1\/wp-json\/wp\/v2\/media?parent=163104"}],"wp:term":[{"taxonomy":"category","embeddable":true,"href":"https:\/\/www.caririemacao.com\/1\/wp-json\/wp\/v2\/categories?post=163104"},{"taxonomy":"post_tag","embeddable":true,"href":"https:\/\/www.caririemacao.com\/1\/wp-json\/wp\/v2\/tags?post=163104"}],"curies":[{"name":"wp","href":"https:\/\/api.w.org\/{rel}","templated":true}]}}