{"id":163110,"date":"2020-04-10T07:08:04","date_gmt":"2020-04-10T10:08:04","guid":{"rendered":"http:\/\/www.caririemacao.com\/1\/?p=163110"},"modified":"2020-04-10T07:08:06","modified_gmt":"2020-04-10T10:08:06","slug":"novo-recorde-de-mortes-no-brasil-num-dia-por-conta-do-novo-coronavirus","status":"publish","type":"post","link":"https:\/\/www.caririemacao.com\/1\/2020\/04\/10\/novo-recorde-de-mortes-no-brasil-num-dia-por-conta-do-novo-coronavirus\/","title":{"rendered":"Novo recorde de mortes no Brasil, num dia, por conta do novo coronav\u00edrus"},"content":{"rendered":"\n<p>Ao menos 941 pessoas morreram pelo novo coronav\u00edrus no Brasil, de acordo com dados do Minist\u00e9rio da Sa\u00fade divulgados nesta quinta (9). Foram registradas 141 novas mortes nas \u00faltimas 24 horas, um novo recorde di\u00e1rio.<\/p>\n\n\n\n<p>O pa\u00eds soma 17.857 casos confirmados da doen\u00e7a. No dia anterior, eram 15.927. O minist\u00e9rio, por\u00e9m, tem informado que o n\u00famero real de casos tende a ser maior, j\u00e1 que s\u00f3 pacientes internados em hospitais fazem testes e h\u00e1 casos represados \u00e0 espera de confirma\u00e7\u00e3o.<\/p>\n\n\n\n<p>Reportagem da Folha mostrou que equipes de aten\u00e7\u00e3o b\u00e1sica em v\u00e1rias cidades e estados afirmam que a subnotifica\u00e7\u00e3o ao Minist\u00e9rio da Sa\u00fade de casos suspeitos tem sido gigantesca.<\/p>\n\n\n\n<p>Dizem ainda que, sem uma portaria espec\u00edfica do minist\u00e9rio, m\u00e9dicos t\u00eam se guiado por notas t\u00e9cnicas locais com orienta\u00e7\u00f5es distintas.<\/p>\n\n\n\n<p>At\u00e9 a quarta (8), o pa\u00eds registrou 34.905 hospitaliza\u00e7\u00f5es por s\u00edndrome respirat\u00f3ria aguda, o que representa alta de 277% em rela\u00e7\u00e3o ao mesmo per\u00edodo de 2019.<\/p>\n\n\n\n<p>S\u00e3o Paulo, o estado mais populoso, continua sendo o mais atingido pelo novo coronav\u00edrus.<\/p>\n\n\n\n<p>Na quarta (8), o ministro da Sa\u00fade, Luiz Henrique Mandetta, disse estar preocupado com poss\u00edveis afrouxamento das restri\u00e7\u00f5es nas grandes cidades.<\/p>\n\n\n\n<p>Com rela\u00e7\u00e3o \u00e0s mortes, ele ressaltou que, apesar do avan\u00e7o no n\u00famero das v\u00edtimas, cerca de 85% dos infectados consegue se curar.<\/p>\n\n\n\n<p>Hist\u00f3rico O Brasil confirmou o primeiro caso de Covid-19 em 26 de fevereiro. Um homem de 61 anos de S\u00e3o Paulo contraiu o coronav\u00edrus em viagem \u00e0 It\u00e1lia, que tem alta taxa de casos da doen\u00e7a.<\/p>\n\n\n\n<p>A primeira morte foi confirmada 20 dias depois, em 17 de mar\u00e7o. O paciente era um homem de 62 anos que tinha diabetes e hipertens\u00e3o.<\/p>\n\n\n\n<p>Ele estava internado na UTI do Hospital Sancta Maggiore Para\u00edso desde o dia 14 e morreu no dia 16. Ele n\u00e3o tinha hist\u00f3rico de viagem para o exterior.<\/p>\n","protected":false},"excerpt":{"rendered":"<p>Ao menos 941 pessoas morreram pelo novo coronav\u00edrus no Brasil, de acordo com dados do Minist\u00e9rio da Sa\u00fade divulgados nesta quinta (9). Foram registradas 141&hellip; <\/p>\n","protected":false},"author":2,"featured_media":158875,"comment_status":"closed","ping_status":"closed","sticky":false,"template":"","format":"standard","meta":{"sfsi_plus_gutenberg_text_before_share":"","sfsi_plus_gutenberg_show_text_before_share":"","sfsi_plus_gutenberg_icon_type":"","sfsi_plus_gutenberg_icon_alignemt":"","sfsi_plus_gutenburg_max_per_row":"","footnotes":""},"categories":[50,16],"tags":[],"class_list":["post-163110","post","type-post","status-publish","format-standard","has-post-thumbnail","hentry","category-destaque","category-saude"],"_links":{"self":[{"href":"https:\/\/www.caririemacao.com\/1\/wp-json\/wp\/v2\/posts\/163110","targetHints":{"allow":["GET"]}}],"collection":[{"href":"https:\/\/www.caririemacao.com\/1\/wp-json\/wp\/v2\/posts"}],"about":[{"href":"https:\/\/www.caririemacao.com\/1\/wp-json\/wp\/v2\/types\/post"}],"author":[{"embeddable":true,"href":"https:\/\/www.caririemacao.com\/1\/wp-json\/wp\/v2\/users\/2"}],"replies":[{"embeddable":true,"href":"https:\/\/www.caririemacao.com\/1\/wp-json\/wp\/v2\/comments?post=163110"}],"version-history":[{"count":1,"href":"https:\/\/www.caririemacao.com\/1\/wp-json\/wp\/v2\/posts\/163110\/revisions"}],"predecessor-version":[{"id":163111,"href":"https:\/\/www.caririemacao.com\/1\/wp-json\/wp\/v2\/posts\/163110\/revisions\/163111"}],"wp:featuredmedia":[{"embeddable":true,"href":"https:\/\/www.caririemacao.com\/1\/wp-json\/wp\/v2\/media\/158875"}],"wp:attachment":[{"href":"https:\/\/www.caririemacao.com\/1\/wp-json\/wp\/v2\/media?parent=163110"}],"wp:term":[{"taxonomy":"category","embeddable":true,"href":"https:\/\/www.caririemacao.com\/1\/wp-json\/wp\/v2\/categories?post=163110"},{"taxonomy":"post_tag","embeddable":true,"href":"https:\/\/www.caririemacao.com\/1\/wp-json\/wp\/v2\/tags?post=163110"}],"curies":[{"name":"wp","href":"https:\/\/api.w.org\/{rel}","templated":true}]}}