{"id":163114,"date":"2020-04-10T07:58:15","date_gmt":"2020-04-10T10:58:15","guid":{"rendered":"http:\/\/www.caririemacao.com\/1\/?p=163114"},"modified":"2020-04-10T07:58:17","modified_gmt":"2020-04-10T10:58:17","slug":"uepb-doa-mais-de-13-mil-protetores-faciais-para-profissionais-de-saude","status":"publish","type":"post","link":"https:\/\/www.caririemacao.com\/1\/2020\/04\/10\/uepb-doa-mais-de-13-mil-protetores-faciais-para-profissionais-de-saude\/","title":{"rendered":"UEPB doa mais de 13 mil protetores faciais para profissionais de sa\u00fade"},"content":{"rendered":"\n<p>N\u00facleo de Tecnologias Estrat\u00e9gicas em Sa\u00fade (Nutes) da Universidade Estadual da Para\u00edba (UEPB) j\u00e1 entregou 13.678 mil protetores faciais a profissionais de sa\u00fade que trabalham no enfrentamento \u00e0 Covid-19 no Estado. O expressivo n\u00famero de itens doados foi poss\u00edvel gra\u00e7as a parceria firmada com o Grupo Duraplast, de Campina Grande. O Nutes desenvolveu bloco para moldagem do dispositivo e a ind\u00fastria doou todo o processo de produ\u00e7\u00e3o, que passou a ser feito por meio de inje\u00e7\u00e3o de polipropileno.&nbsp;<\/p>\n\n\n\n<p>Na primeira etapa da distribui\u00e7\u00e3o dos protetores desenvolvidos pelo Laborat\u00f3rio de Tecnologias 3D (LT3D) do Nutes, por meio de impress\u00e3o 3D, os dispositivos foram impressos no pr\u00f3prio laborat\u00f3rio e tamb\u00e9m por impressoras de institui\u00e7\u00f5es parcerias e makers, pessoas f\u00edsicas que usaram os equipamentos pessoais para confeccionar o material.&nbsp;<\/p>\n\n\n\n<p>A partir da parceria com o Grupo Duraplast, a impress\u00e3o passou a ser feita em escala industrial, por meio do processo de inje\u00e7\u00e3o, aumentando a produ\u00e7\u00e3o para cerca de duas mil unidades di\u00e1rias.<\/p>\n\n\n\n<p>\u201cPodemos destacar duas grandes tecnologias em aplica\u00e7\u00e3o direta: a inje\u00e7\u00e3o pl\u00e1stica que visa a produ\u00e7\u00e3o r\u00e1pida e em grande volume, bem como a manufatura aditiva pela sua facilidade em desenvolvimento e cria\u00e7\u00e3o de modelos. Com isso, vimos o qu\u00e3o importante \u00e9 poder unir processos de fabrica\u00e7\u00e3o para acelerar etapas no desenvolvimento de um produto final, facilitando a aplicabilidade da engenharia de produtos\u201d, explicou o coordenador t\u00e9cnico do LT3D e engenheiro respons\u00e1vel pelo projeto do protetor, Rodolfo Castelo Branco.&nbsp;<\/p>\n\n\n\n<figure class=\"wp-block-image\"><img decoding=\"async\" data-src=\"https:\/\/paraibaonline.com.br\/wp-content\/uploads\/2020\/04\/uepb-protetor-facial-ascom.jpg\" alt=\"Foto: Ascom\" class=\"wp-image-849088 lazyload\" src=\"data:image\/svg+xml;base64,PHN2ZyB3aWR0aD0iMSIgaGVpZ2h0PSIxIiB4bWxucz0iaHR0cDovL3d3dy53My5vcmcvMjAwMC9zdmciPjwvc3ZnPg==\" \/><\/figure>\n\n\n\n<p>Foto: Ascom<\/p>\n\n\n\n<p>Para garantir que os protetores cheguem a todas as regi\u00f5es, a coordenadora do LT3D, Yasmyne Martins, solicitou \u00e0s 13 regionais de sa\u00fade do Estado da Para\u00edba que fizessem o levantamento do quantitativo da necessidade de cada cidade.<\/p>\n\n\n\n<p>\u201cNo primeiro momento, abrimos um link para preenchimento, mas percebemos que v\u00e1rias pessoas de uma mesma cidade faziam a solicita\u00e7\u00e3o, muitas vezes sem crit\u00e9rio. Com o levantamento a partir das regionais, faremos a doa\u00e7\u00e3o de acordo com o mapeamento. Os protetores est\u00e3o sendo entregues aos respons\u00e1veis por cada regional para serem repassados aos munic\u00edpios\u201d, ressaltou a coordenadora.&nbsp;<\/p>\n\n\n\n<p>A expectativa do LT3D \u00e9 que at\u00e9 a pr\u00f3xima semana todos os hospitais, Unidades de Pronto Atendimento (UPAs) e Servi\u00e7os de Atendimento M\u00f3vel de Urg\u00eancia (SAMUs) do Estado tenham recebido a doa\u00e7\u00e3o do material. Para atender a grande demanda, visto que os protetores faciais est\u00e3o em falta no mercado, desde o in\u00edcio da pandemia a equipe do Nutes tem trabalhado de forma volunt\u00e1ria em jornadas di\u00e1rias de at\u00e9 18 horas.<\/p>\n\n\n\n<p>\u201c\u00c9 um trabalho que visa contribuir com os profissionais de sa\u00fade. \u00c9, sem d\u00favida, exaustivo, mas temos como miss\u00e3o colaborar no enfrentamento \u00e0 Covid-19\u201d, acrescentou Yasmyne Martins.<\/p>\n","protected":false},"excerpt":{"rendered":"<p>N\u00facleo de Tecnologias Estrat\u00e9gicas em Sa\u00fade (Nutes) da Universidade Estadual da Para\u00edba (UEPB) j\u00e1 entregou 13.678 mil protetores faciais a profissionais de sa\u00fade que trabalham&hellip; <\/p>\n","protected":false},"author":2,"featured_media":163115,"comment_status":"closed","ping_status":"closed","sticky":false,"template":"","format":"standard","meta":{"sfsi_plus_gutenberg_text_before_share":"","sfsi_plus_gutenberg_show_text_before_share":"","sfsi_plus_gutenberg_icon_type":"","sfsi_plus_gutenberg_icon_alignemt":"","sfsi_plus_gutenburg_max_per_row":"","footnotes":""},"categories":[2],"tags":[],"class_list":["post-163114","post","type-post","status-publish","format-standard","has-post-thumbnail","hentry","category-geral"],"_links":{"self":[{"href":"https:\/\/www.caririemacao.com\/1\/wp-json\/wp\/v2\/posts\/163114","targetHints":{"allow":["GET"]}}],"collection":[{"href":"https:\/\/www.caririemacao.com\/1\/wp-json\/wp\/v2\/posts"}],"about":[{"href":"https:\/\/www.caririemacao.com\/1\/wp-json\/wp\/v2\/types\/post"}],"author":[{"embeddable":true,"href":"https:\/\/www.caririemacao.com\/1\/wp-json\/wp\/v2\/users\/2"}],"replies":[{"embeddable":true,"href":"https:\/\/www.caririemacao.com\/1\/wp-json\/wp\/v2\/comments?post=163114"}],"version-history":[{"count":1,"href":"https:\/\/www.caririemacao.com\/1\/wp-json\/wp\/v2\/posts\/163114\/revisions"}],"predecessor-version":[{"id":163116,"href":"https:\/\/www.caririemacao.com\/1\/wp-json\/wp\/v2\/posts\/163114\/revisions\/163116"}],"wp:featuredmedia":[{"embeddable":true,"href":"https:\/\/www.caririemacao.com\/1\/wp-json\/wp\/v2\/media\/163115"}],"wp:attachment":[{"href":"https:\/\/www.caririemacao.com\/1\/wp-json\/wp\/v2\/media?parent=163114"}],"wp:term":[{"taxonomy":"category","embeddable":true,"href":"https:\/\/www.caririemacao.com\/1\/wp-json\/wp\/v2\/categories?post=163114"},{"taxonomy":"post_tag","embeddable":true,"href":"https:\/\/www.caririemacao.com\/1\/wp-json\/wp\/v2\/tags?post=163114"}],"curies":[{"name":"wp","href":"https:\/\/api.w.org\/{rel}","templated":true}]}}