{"id":163118,"date":"2020-04-10T08:00:16","date_gmt":"2020-04-10T11:00:16","guid":{"rendered":"http:\/\/www.caririemacao.com\/1\/?p=163118"},"modified":"2020-04-10T08:00:18","modified_gmt":"2020-04-10T11:00:18","slug":"nova-fritura-do-ministro-da-saude-no-governo-eu-teria-cortado-a-cabeca-dele","status":"publish","type":"post","link":"https:\/\/www.caririemacao.com\/1\/2020\/04\/10\/nova-fritura-do-ministro-da-saude-no-governo-eu-teria-cortado-a-cabeca-dele\/","title":{"rendered":"Nova \u00b4fritura\u00b4 do ministro da Sa\u00fade no governo: \u201cEu teria cortado a cabe\u00e7a dele\u201d"},"content":{"rendered":"\n<p>A rede CNN Brasil de televis\u00e3o noticiou na tarde desta quinta-feira um novo processo de queima\u00e7\u00e3o do ministro Luiz Mandetta, da Sa\u00fade.<\/p>\n\n\n\n<p>Veja trechos da reportagem.<\/p>\n\n\n\n<p>O ministro da Cidadania, Onyx Lorenzoni, e o deputado federal Osmar Terra conversaram na manh\u00e3 desta quinta-feira (9) sobre a substitui\u00e7\u00e3o do ministro da Sa\u00fade, Luiz Henrique Mandetta, e a mudan\u00e7a da pol\u00edtica do governo de enfrentamento ao coronav\u00edrus no Brasil.<\/p>\n\n\n\n<p>A CNN ouviu a conversa ap\u00f3s ter telefonado \u00e0s 8h33 para Terra. O deputado atendeu ao telefonema, nada falou e n\u00e3o desligou, o que possibilitou que o di\u00e1logo de pouco mais de 14 minutos fosse ouvido.<\/p>\n\n\n\n<p>No trecho inicial da conversa, Terra defende a mudan\u00e7a da pol\u00edtica do governo.<\/p>\n\n\n\n<p>\u201cTem que ter uma pol\u00edtica que substitua a pol\u00edtica de quarentena. Ibaneis (Rocha, governador do Distrito Federal) \u00e9 emblem\u00e1tico. Se Bras\u00edlia come\u00e7a a abrir\u2026 (Mas) ele est\u00e1 com um pouco de receio. Qualquer coisa que fala em aumentar\u2026\u201d, disse, fazendo uma analogia de como as pessoas est\u00e3o, mesmo com a restri\u00e7\u00e3o, saindo \u00e0s ruas: \u201csupermercado virou shopping\u201d.<\/p>\n\n\n\n<p>Para ele, a pol\u00edtica do atual minist\u00e9rio da Sa\u00fade \u201cn\u00e3o est\u00e1 protegendo o grupo de risco\u201d e que uma ideia \u00e9 estabelecer uma pol\u00edtica especial para os munic\u00edpios onde h\u00e1 asilos.<\/p>\n\n\n\n<p>Ambos fazem ainda proje\u00e7\u00f5es sobre n\u00famero de mortos no Brasil pela COVID-19. Onyx estima que deve chegar a 4 mil mortos. Terra acha que fica \u201centre 3 e 4 mil\u201d.<\/p>\n\n\n\n<p>\u201cVai morrer menos gente de coronav\u00edrus do que da gripe sazonal.\u201d Ele tamb\u00e9m cita S\u00e3o Paulo, Rio de Janeiro e Fortaleza como os locais onde deve estar concentrada a restri\u00e7\u00e3o de circula\u00e7\u00e3o de pessoas.<\/p>\n\n\n\n<p>Ambos come\u00e7am, ent\u00e3o, a falar mais especificamente de Mandetta.<\/p>\n\n\n\n<p>Onyx: \u201cEu acho que esse contraponto que tu t\u00e1 fazendo\u2026\u201d<\/p>\n\n\n\n<p>Terra: \u201c\u00c9 complicado mexer no governo por que ele t\u00e1\u2026\u201d<\/p>\n\n\n\n<p>Onyx: \u201cEle (Mandetta) n\u00e3o tem compromisso com nada que o Bolsonaro est\u00e1 fazendo.\u201d<\/p>\n\n\n\n<p>Terra: \u201cE ele (Mandetta) se acha.\u201d<\/p>\n\n\n\n<p>Onyx: \u201cEu acho que (Bolsonaro) deveria ter arcado (com as consequ\u00eancias de uma demiss\u00e3o)\u2026\u201d<\/p>\n\n\n\n<p>Terra: \u201cO ideal era o Mandetta se adaptar ao discurso do Bolsonaro.\u201d<\/p>\n\n\n\n<p>Onyx: \u201cUma coisa como o discurso da quarentena permite tudo. Se eu estivesse na cadeira (de Bolsonaro)\u2026 O que aconteceu na reuni\u00e3o eu n\u00e3o teria segurado, eu teria cortado a cabe\u00e7a dele\u2026\u201d<\/p>\n\n\n\n<p>Terra: \u201cVoc\u00ea viu a fala dele depois?\u201d<\/p>\n\n\n\n<p>Onyx: \u201cAli para mim foi a p\u00e1 de cal. Eu j\u00e1 n\u00e3o falo com ele (Mandetta) h\u00e1 dois meses. A\u00ed acho que \u00e9 xadrez. Se ele sai vai acabar indo para a secretaria do Doria [Jo\u00e3o Doria, governador de S\u00e3o Paulo].\u201d<\/p>\n\n\n\n<p>Terra: \u201cEu ajudo, Onyx. E n\u00e3o precisa ser eu o ministro, tem mais gente que pode ser.\u201d<\/p>\n\n\n\n<p>Onyx \u00e9 do DEM, mesmo partido de Mandetta. Ele come\u00e7ou o governo como ministro da Casa Civil, mas neste ano acabou sendo deslocado para a Cidadania.<\/p>\n\n\n\n<p>\u00c9, por\u00e9m, um dos aliados mais fi\u00e9is do presidente. Foi ele que desde o in\u00edcio se entusiasmou com o projeto pol\u00edtico de Bolsonaro.<\/p>\n\n\n\n<p>J\u00e1 Terra \u00e9 deputado federal pelo MDB. Deixou o minist\u00e9rio da Cidadania ap\u00f3s algumas queixas do Pal\u00e1cio do Planalto, mas principalmente para que Bolsonaro pudesse abrigar Onyx, a quem tem uma grande d\u00edvida por ter sido dos primeiros a acreditar e a se empenhar no seu projeto presidencial.<\/p>\n\n\n\n<p>Mas o que a conversa de ambos mais deixa claro \u00e9 que a sa\u00edda de Mandetta continua a ser algo ainda aventado no entorno do presidente Jair Bolsonaro.<\/p>\n\n\n\n<p>Procurado, Terra disse que n\u00e3o ia comentar porque se trata de uma conversa privada. Onyx n\u00e3o se manifestou.<\/p>\n","protected":false},"excerpt":{"rendered":"<p>A rede CNN Brasil de televis\u00e3o noticiou na tarde desta quinta-feira um novo processo de queima\u00e7\u00e3o do ministro Luiz Mandetta, da Sa\u00fade. Veja trechos da&hellip; <\/p>\n","protected":false},"author":2,"featured_media":163119,"comment_status":"closed","ping_status":"closed","sticky":false,"template":"","format":"standard","meta":{"sfsi_plus_gutenberg_text_before_share":"","sfsi_plus_gutenberg_show_text_before_share":"","sfsi_plus_gutenberg_icon_type":"","sfsi_plus_gutenberg_icon_alignemt":"","sfsi_plus_gutenburg_max_per_row":"","footnotes":""},"categories":[2],"tags":[],"class_list":["post-163118","post","type-post","status-publish","format-standard","has-post-thumbnail","hentry","category-geral"],"_links":{"self":[{"href":"https:\/\/www.caririemacao.com\/1\/wp-json\/wp\/v2\/posts\/163118","targetHints":{"allow":["GET"]}}],"collection":[{"href":"https:\/\/www.caririemacao.com\/1\/wp-json\/wp\/v2\/posts"}],"about":[{"href":"https:\/\/www.caririemacao.com\/1\/wp-json\/wp\/v2\/types\/post"}],"author":[{"embeddable":true,"href":"https:\/\/www.caririemacao.com\/1\/wp-json\/wp\/v2\/users\/2"}],"replies":[{"embeddable":true,"href":"https:\/\/www.caririemacao.com\/1\/wp-json\/wp\/v2\/comments?post=163118"}],"version-history":[{"count":1,"href":"https:\/\/www.caririemacao.com\/1\/wp-json\/wp\/v2\/posts\/163118\/revisions"}],"predecessor-version":[{"id":163120,"href":"https:\/\/www.caririemacao.com\/1\/wp-json\/wp\/v2\/posts\/163118\/revisions\/163120"}],"wp:featuredmedia":[{"embeddable":true,"href":"https:\/\/www.caririemacao.com\/1\/wp-json\/wp\/v2\/media\/163119"}],"wp:attachment":[{"href":"https:\/\/www.caririemacao.com\/1\/wp-json\/wp\/v2\/media?parent=163118"}],"wp:term":[{"taxonomy":"category","embeddable":true,"href":"https:\/\/www.caririemacao.com\/1\/wp-json\/wp\/v2\/categories?post=163118"},{"taxonomy":"post_tag","embeddable":true,"href":"https:\/\/www.caririemacao.com\/1\/wp-json\/wp\/v2\/tags?post=163118"}],"curies":[{"name":"wp","href":"https:\/\/api.w.org\/{rel}","templated":true}]}}