{"id":163121,"date":"2020-04-10T08:03:20","date_gmt":"2020-04-10T11:03:20","guid":{"rendered":"http:\/\/www.caririemacao.com\/1\/?p=163121"},"modified":"2020-04-10T08:03:22","modified_gmt":"2020-04-10T11:03:22","slug":"estado-aluga-hospital-com-150-leitos-para-casos-de-coronavirus","status":"publish","type":"post","link":"https:\/\/www.caririemacao.com\/1\/2020\/04\/10\/estado-aluga-hospital-com-150-leitos-para-casos-de-coronavirus\/","title":{"rendered":"Estado aluga hospital com 150 leitos para casos de coronav\u00edrus"},"content":{"rendered":"\n<p>Novos leitos do Hospital Santa Paula se somam aos 130 que estar\u00e3o dispon\u00edveis nos pr\u00f3ximos dias no Hospital Solid\u00e1rio<\/p>\n\n\n\n<p>O governador da Para\u00edba, Jo\u00e3o Azev\u00eado, anunciou nesta quinta-feira (9) que o Estado est\u00e1 alugando o antigo Hospital Santa Paula, em Jo\u00e3o Pessoa, que ir\u00e1 disponibilizar 150 leitos para o tratamento exclusivo da Covid-19. O contrato de loca\u00e7\u00e3o j\u00e1 foi assinado com os propriet\u00e1rios e os servi\u00e7os de manuten\u00e7\u00e3o come\u00e7am nesta semana.<\/p>\n\n\n\n<p>Os novos leitos do Hospital Santa Paula se somam aos 130 que estar\u00e3o dispon\u00edveis nos pr\u00f3ximos dias no Hospital Solid\u00e1rio, montado no estacionamento do Hospital Metropolitano Dom Jos\u00e9 Maria Pires, em Santa Rita.<\/p>\n\n\n\n<p>Hospital<br>O plano de conting\u00eancia estadual j\u00e1 preparou outros hospitais de refer\u00eancia, que est\u00e3o distribu\u00eddos por macrorregi\u00e3o de sa\u00fade, sendo o Hospital Clementino Fraga, o Santa Izabel e o Hospital Municipal do Valentina na primeira macro, em Jo\u00e3o Pessoa. Na segunda macrorregi\u00e3o, o Hospital Pedro I e o Hospital de Emerg\u00eancia e Trauma Dom Lu\u00eds Gonzaga Fernandes, em Campina Grande; e no Sert\u00e3o e Alto Sert\u00e3o, os hospitais Regionais de Cajazeiras, Pombal, Regional de Patos e o Infantil Noaldo Leite, tamb\u00e9m em Patos.<\/p>\n\n\n\n<p>Convoca\u00e7\u00e3o de profissionais de Sa\u00fade<br>Nesta quinta-feira (9), a gest\u00e3o estadual publicou, no Di\u00e1rio Oficial do Estado, mais uma lista de convoca\u00e7\u00e3o dos profissionais de sa\u00fade que trabalhar\u00e3o nos hospitais que est\u00e3o sendo abertos para o atendimento aos casos da Covid-19. Eles foram aprovados, recentemente, no processo seletivo promovido pelo Governo do Estado para suprir a demanda emergencial de atendimento na rede hospitalar durante a pandemia.<\/p>\n","protected":false},"excerpt":{"rendered":"<p>Novos leitos do Hospital Santa Paula se somam aos 130 que estar\u00e3o dispon\u00edveis nos pr\u00f3ximos dias no Hospital Solid\u00e1rio O governador da Para\u00edba, Jo\u00e3o Azev\u00eado,&hellip; <\/p>\n","protected":false},"author":2,"featured_media":163122,"comment_status":"closed","ping_status":"closed","sticky":false,"template":"","format":"standard","meta":{"sfsi_plus_gutenberg_text_before_share":"","sfsi_plus_gutenberg_show_text_before_share":"","sfsi_plus_gutenberg_icon_type":"","sfsi_plus_gutenberg_icon_alignemt":"","sfsi_plus_gutenburg_max_per_row":"","footnotes":""},"categories":[2],"tags":[],"class_list":["post-163121","post","type-post","status-publish","format-standard","has-post-thumbnail","hentry","category-geral"],"_links":{"self":[{"href":"https:\/\/www.caririemacao.com\/1\/wp-json\/wp\/v2\/posts\/163121","targetHints":{"allow":["GET"]}}],"collection":[{"href":"https:\/\/www.caririemacao.com\/1\/wp-json\/wp\/v2\/posts"}],"about":[{"href":"https:\/\/www.caririemacao.com\/1\/wp-json\/wp\/v2\/types\/post"}],"author":[{"embeddable":true,"href":"https:\/\/www.caririemacao.com\/1\/wp-json\/wp\/v2\/users\/2"}],"replies":[{"embeddable":true,"href":"https:\/\/www.caririemacao.com\/1\/wp-json\/wp\/v2\/comments?post=163121"}],"version-history":[{"count":1,"href":"https:\/\/www.caririemacao.com\/1\/wp-json\/wp\/v2\/posts\/163121\/revisions"}],"predecessor-version":[{"id":163123,"href":"https:\/\/www.caririemacao.com\/1\/wp-json\/wp\/v2\/posts\/163121\/revisions\/163123"}],"wp:featuredmedia":[{"embeddable":true,"href":"https:\/\/www.caririemacao.com\/1\/wp-json\/wp\/v2\/media\/163122"}],"wp:attachment":[{"href":"https:\/\/www.caririemacao.com\/1\/wp-json\/wp\/v2\/media?parent=163121"}],"wp:term":[{"taxonomy":"category","embeddable":true,"href":"https:\/\/www.caririemacao.com\/1\/wp-json\/wp\/v2\/categories?post=163121"},{"taxonomy":"post_tag","embeddable":true,"href":"https:\/\/www.caririemacao.com\/1\/wp-json\/wp\/v2\/tags?post=163121"}],"curies":[{"name":"wp","href":"https:\/\/api.w.org\/{rel}","templated":true}]}}