{"id":163125,"date":"2020-04-10T08:04:42","date_gmt":"2020-04-10T11:04:42","guid":{"rendered":"http:\/\/www.caririemacao.com\/1\/?p=163125"},"modified":"2020-04-10T08:04:43","modified_gmt":"2020-04-10T11:04:43","slug":"paraiba-tem-11-mortes-por-covid-19-total-de-casos-confirmados-chega-a-79","status":"publish","type":"post","link":"https:\/\/www.caririemacao.com\/1\/2020\/04\/10\/paraiba-tem-11-mortes-por-covid-19-total-de-casos-confirmados-chega-a-79\/","title":{"rendered":"Para\u00edba tem 11 mortes por covid-19; total de casos confirmados chega a 79"},"content":{"rendered":"\n<p>Subiu para 11 o n\u00famero de mortes por coronav\u00edrus na Para\u00edba. Antes eram 7 \u00f3bitos confirmados. Mais quatro foram constatados nesta quinta-feira (9) e divulgados pela Secretaria de Estado da Sa\u00fade.&nbsp;<\/p>\n\n\n\n<p>Agora, a Para\u00edba tem 79 casos confirmados de infectados, no total.<br><\/p>\n\n\n\n<ul class=\"wp-block-list\"><li>Casos Confirmados: 79&nbsp;<\/li><li>Casos Descartados: 770&nbsp;<\/li><li>\u00d3bitos confirmados: 11&nbsp;<\/li><\/ul>\n\n\n\n<p>Os \u00f3bitos que tiveram a investiga\u00e7\u00e3o conclu\u00edda e confirmadas para COVID-19:&nbsp;<br><\/p>\n\n\n\n<p>Mulher, 34 anos, residente no munic\u00edpio de Jo\u00e3o Pessoa com \u00f3bito ocorrido em 24 de Mar\u00e7o em Hospital Privado na capital. Estava em investiga\u00e7\u00e3o ap\u00f3s an\u00e1lise da primeira amostra apontar &#8220;n\u00e3o reagente&#8217;.&nbsp;&nbsp;<\/p>\n\n\n\n<p>Homem, 68 anos, residente do munic\u00edpio de Cabedelo, teve in\u00edcio de sintoma 18\/03 indo a \u00f3bito em 04 de abril em hospital p\u00fablico na capital.<\/p>\n\n\n\n<p>Homem, 84 anos, residente em Jo\u00e3o Pessoa com \u00f3bito ocorrido em 31 de mar\u00e7o.<\/p>\n\n\n\n<p>Idoso de 87 anos, residente em Jo\u00e3o Pessoa, comorbidades, estava interno em UTI, evoluiu a \u00f3bito em 06 de abril.<\/p>\n\n\n\n<p>Dos casos confirmados nesta quinta, 09 de abril, s\u00e3o 19 no munic\u00edpio de Jo\u00e3o Pessoa, 1 em Santa Rita, 2 em Patos e 2 em Cabedelo<\/p>\n","protected":false},"excerpt":{"rendered":"<p>Subiu para 11 o n\u00famero de mortes por coronav\u00edrus na Para\u00edba. Antes eram 7 \u00f3bitos confirmados. Mais quatro foram constatados nesta quinta-feira (9) e divulgados&hellip; <\/p>\n","protected":false},"author":2,"featured_media":163126,"comment_status":"closed","ping_status":"closed","sticky":false,"template":"","format":"standard","meta":{"sfsi_plus_gutenberg_text_before_share":"","sfsi_plus_gutenberg_show_text_before_share":"","sfsi_plus_gutenberg_icon_type":"","sfsi_plus_gutenberg_icon_alignemt":"","sfsi_plus_gutenburg_max_per_row":"","footnotes":""},"categories":[2],"tags":[],"class_list":["post-163125","post","type-post","status-publish","format-standard","has-post-thumbnail","hentry","category-geral"],"_links":{"self":[{"href":"https:\/\/www.caririemacao.com\/1\/wp-json\/wp\/v2\/posts\/163125","targetHints":{"allow":["GET"]}}],"collection":[{"href":"https:\/\/www.caririemacao.com\/1\/wp-json\/wp\/v2\/posts"}],"about":[{"href":"https:\/\/www.caririemacao.com\/1\/wp-json\/wp\/v2\/types\/post"}],"author":[{"embeddable":true,"href":"https:\/\/www.caririemacao.com\/1\/wp-json\/wp\/v2\/users\/2"}],"replies":[{"embeddable":true,"href":"https:\/\/www.caririemacao.com\/1\/wp-json\/wp\/v2\/comments?post=163125"}],"version-history":[{"count":1,"href":"https:\/\/www.caririemacao.com\/1\/wp-json\/wp\/v2\/posts\/163125\/revisions"}],"predecessor-version":[{"id":163127,"href":"https:\/\/www.caririemacao.com\/1\/wp-json\/wp\/v2\/posts\/163125\/revisions\/163127"}],"wp:featuredmedia":[{"embeddable":true,"href":"https:\/\/www.caririemacao.com\/1\/wp-json\/wp\/v2\/media\/163126"}],"wp:attachment":[{"href":"https:\/\/www.caririemacao.com\/1\/wp-json\/wp\/v2\/media?parent=163125"}],"wp:term":[{"taxonomy":"category","embeddable":true,"href":"https:\/\/www.caririemacao.com\/1\/wp-json\/wp\/v2\/categories?post=163125"},{"taxonomy":"post_tag","embeddable":true,"href":"https:\/\/www.caririemacao.com\/1\/wp-json\/wp\/v2\/tags?post=163125"}],"curies":[{"name":"wp","href":"https:\/\/api.w.org\/{rel}","templated":true}]}}