{"id":163129,"date":"2020-04-10T08:06:21","date_gmt":"2020-04-10T11:06:21","guid":{"rendered":"http:\/\/www.caririemacao.com\/1\/?p=163129"},"modified":"2020-04-10T08:06:23","modified_gmt":"2020-04-10T11:06:23","slug":"medico-nao-abandona-paciente-mas-paciente-pode-trocar-de-medico-diz-bolsonaro","status":"publish","type":"post","link":"https:\/\/www.caririemacao.com\/1\/2020\/04\/10\/medico-nao-abandona-paciente-mas-paciente-pode-trocar-de-medico-diz-bolsonaro\/","title":{"rendered":"&#8216;M\u00e9dico n\u00e3o abandona paciente, mas paciente pode trocar de m\u00e9dico&#8217;, diz Bolsonaro"},"content":{"rendered":"\n<p>Ao lado de Pedro Guimar\u00e3es, presidente da Caixa Econ\u00f4mica Federal, Jair Bolsonaro usou sua live semanal para falar sobre o plano de aux\u00edlio que pagar\u00e1 tr\u00eas parcelas de R$ 600 aos trabalhadores informais afetados pela crise do coronav\u00edrus. At\u00e9 esta quinta-feira, o programa registra 30 milh\u00f5es de cadastros e j\u00e1 come\u00e7ou a pagar aos primeiros benefici\u00e1rios. Foram R$ 2,1 milh\u00f5es pagos a 2,5 milh\u00f5es de fam\u00edlias.<\/p>\n\n\n\n<p>Mas este n\u00e3o foi o \u00fanico tema da live. Ao defender mais uma vez o uso da cloroquina e da hidroxicloroquina no tratamento, o presidente afirmou que at\u00e9 sua m\u00e3e tomar\u00e1 a medica\u00e7\u00e3o se necess\u00e1rio. E completou mencionando uma express\u00e3o muito usada pelo ministro da Sa\u00fade, Luiz Henrique Mandetta, que, ao reafirmar que segue como titular da pasta e \u00e0 frente da condu\u00e7\u00e3o da crise do coronav\u00edrus, diz que &#8220;m\u00e9dico n\u00e3o abandona paciente&#8221;.<\/p>\n\n\n\n<p>\u2014 Se voc\u00ea est\u00e1 com uma certa idade e for infectado, tomaria ou n\u00e3o? Minha m\u00e3e est\u00e1 com 93 anos. Est\u00e1 na cara que ela vai tomar. Democraticamente, sem problema nenhum. Claro que ela vai consultar o m\u00e9dico. Mas o m\u00e9dico vai ser favor\u00e1vel, tenho certeza. Voc\u00ea vai no m\u00e9dico, ele te recomenda uma coisa que voc\u00ea sabe que n\u00e3o vai dar certo&#8230; Voc\u00ea tem todo direito de trocar de m\u00e9dico. Tem todo direito. Com todo respeito aos profissionais. Ent\u00e3o repito. O m\u00e9dico nao abandona o paciente, mas o paciente pode trocar de m\u00e9dico \u2014 afirmou Bolsonaro.<\/p>\n\n\n\n<p>Segundo o presidente, o Brasil aguarda para esta sexta-feira a chegada de uma remessa de insumos para a fabrica\u00e7\u00e3o do medicamento pelas ind\u00fastrias do pa\u00eds. Ele classificou como boa a rela\u00e7\u00e3o entre o Brasil e a \u00cdndia, principal exportadora da subst\u00e2ncia.<\/p>\n\n\n\n<p>\u2014 Alguns falam que \u00e9 o rem\u00e9dio do Bolsonaro. N\u00e3o \u00e9 meu, n\u00e3o. Hoje tivemos a informa\u00e7\u00e3o de que o presidente da Fran\u00e7a se encontrou com pesquisadores da hidroxicloroquina. O mundo todo est\u00e1 ligado. E acredito que, brevemente, ser\u00e1 publicado um estudo emergencial dando muito for\u00e7a para o uso da cloroquina ao pessoal acometido da Covid-19. A \u00cdndia suspendeu a exporta\u00e7\u00e3o do insumo para produzir hidroxicloroquina. Mas n\u00f3s temos um bom relacionamento com a \u00cdndia. Precisamos de insumo de forma emergencial, e a previs\u00e3o de chegada para s\u00e1bado passou para amanh\u00e3. Ent\u00e3o teremos uma sobrevida para fabricar esse &#8220;trem&#8221; aqui \u2014 afirmou o presidente, que chegou a exibir uma caixa de medicamento \u00e0 base da subst\u00e2ncia.<\/p>\n\n\n\n<p>Bolsonaro ainda contou sobre a conversa que teve com o cardiologista Roberto Kalil antes de seu pronunciamento na televis\u00e3o, na noite da \u00faltima quarta. Ele n\u00e3o poupou elogios ao m\u00e9dico, que admitiu ter se tratado com cloroquina, e aproveitou para criticar David Uip. O coordenador do Centro de Conting\u00eancia de Coronav\u00edrus em S\u00e3o Paulo n\u00e3o negou nem confirmou ter feito uso da subst\u00e2ncia em seu tratamento. Pediu direito \u00e0 privacidade.<\/p>\n\n\n\n<p>\u2014&nbsp;Um m\u00e9dico renomado como o doutor Kalil se medicou com aquilo e, respeitando o juramento de Hip\u00f3crates, externou que tomou a hidroxicloroquina. Diferentemente de outro, que politizou. Isso aqui n\u00e3o pode ser politizado. Isso aqui \u00e9 vida.<\/p>\n","protected":false},"excerpt":{"rendered":"<p>Ao lado de Pedro Guimar\u00e3es, presidente da Caixa Econ\u00f4mica Federal, Jair Bolsonaro usou sua live semanal para falar sobre o plano de aux\u00edlio que pagar\u00e1&hellip; <\/p>\n","protected":false},"author":2,"featured_media":163130,"comment_status":"closed","ping_status":"closed","sticky":false,"template":"","format":"standard","meta":{"sfsi_plus_gutenberg_text_before_share":"","sfsi_plus_gutenberg_show_text_before_share":"","sfsi_plus_gutenberg_icon_type":"","sfsi_plus_gutenberg_icon_alignemt":"","sfsi_plus_gutenburg_max_per_row":"","footnotes":""},"categories":[2],"tags":[],"class_list":["post-163129","post","type-post","status-publish","format-standard","has-post-thumbnail","hentry","category-geral"],"_links":{"self":[{"href":"https:\/\/www.caririemacao.com\/1\/wp-json\/wp\/v2\/posts\/163129","targetHints":{"allow":["GET"]}}],"collection":[{"href":"https:\/\/www.caririemacao.com\/1\/wp-json\/wp\/v2\/posts"}],"about":[{"href":"https:\/\/www.caririemacao.com\/1\/wp-json\/wp\/v2\/types\/post"}],"author":[{"embeddable":true,"href":"https:\/\/www.caririemacao.com\/1\/wp-json\/wp\/v2\/users\/2"}],"replies":[{"embeddable":true,"href":"https:\/\/www.caririemacao.com\/1\/wp-json\/wp\/v2\/comments?post=163129"}],"version-history":[{"count":1,"href":"https:\/\/www.caririemacao.com\/1\/wp-json\/wp\/v2\/posts\/163129\/revisions"}],"predecessor-version":[{"id":163131,"href":"https:\/\/www.caririemacao.com\/1\/wp-json\/wp\/v2\/posts\/163129\/revisions\/163131"}],"wp:featuredmedia":[{"embeddable":true,"href":"https:\/\/www.caririemacao.com\/1\/wp-json\/wp\/v2\/media\/163130"}],"wp:attachment":[{"href":"https:\/\/www.caririemacao.com\/1\/wp-json\/wp\/v2\/media?parent=163129"}],"wp:term":[{"taxonomy":"category","embeddable":true,"href":"https:\/\/www.caririemacao.com\/1\/wp-json\/wp\/v2\/categories?post=163129"},{"taxonomy":"post_tag","embeddable":true,"href":"https:\/\/www.caririemacao.com\/1\/wp-json\/wp\/v2\/tags?post=163129"}],"curies":[{"name":"wp","href":"https:\/\/api.w.org\/{rel}","templated":true}]}}