{"id":163133,"date":"2020-04-10T08:10:45","date_gmt":"2020-04-10T11:10:45","guid":{"rendered":"http:\/\/www.caririemacao.com\/1\/?p=163133"},"modified":"2020-04-10T08:10:46","modified_gmt":"2020-04-10T11:10:46","slug":"caixa-anuncia-6-meses-de-carencia-nas-prestacoes-de-novos-contratos-habitacionais","status":"publish","type":"post","link":"https:\/\/www.caririemacao.com\/1\/2020\/04\/10\/caixa-anuncia-6-meses-de-carencia-nas-prestacoes-de-novos-contratos-habitacionais\/","title":{"rendered":"Caixa anuncia 6 meses de car\u00eancia nas presta\u00e7\u00f5es de novos contratos habitacionais"},"content":{"rendered":"\n<p>A Caixa Econ\u00f4mica Federal anunciou que os novos contratos de financiamento imobili\u00e1rio fechados a partir da pr\u00f3xima segunda-feira (13) ter\u00e3o car\u00eancia de seis meses para o pagamento. Durante esse tempo, as pessoas f\u00edsicas n\u00e3o precisar\u00e3o pagar as parcelas.<br><\/p>\n\n\n\n<p>Em an\u00fancio feito por meio de uma rede social, o presidente da Caixa, Pedro Guimar\u00e3es, informou que, para contratos imobili\u00e1rios antigos de pessoas f\u00edsicas, permanece o prazo de suspens\u00e3o de at\u00e9 3 meses para o pagamento das presta\u00e7\u00f5es. De acordo com ele, por\u00e9m, esse prazo pode ser esticado caso a crise se agrave.<\/p>\n\n\n\n<p>&#8220;H\u00e1 um compromisso nosso que, se houver uma crise mais forte, n\u00f3s avaliaremos estender para quatro meses [o prazo de suspens\u00e3o de pagamento]&#8221;, declarou.<\/p>\n\n\n\n<p>Para ter direito, os clientes devem procurar o banco e solicitar a suspens\u00e3o. A recomenda\u00e7\u00e3o \u00e9 para a utiliza\u00e7\u00e3o dos canais digitais, como banco pela internet, aplicativos para celulares, como o &#8220;Habita\u00e7\u00e3o CAIXA&#8221;, al\u00e9m dos telefones 3004-1105 e 0800 726 0505. Para renegocia\u00e7\u00e3o dos contratos, o cliente pode entrar em contato pelo telefone 0800 726 8068 .<\/p>\n\n\n\n<p>A Caixa tamb\u00e9m anunciou nesta quinta-feira a possibilidade de os clientes utilizarem a conta vinculada ao Fundo de Garantia por Tempo de Servi\u00e7o (FGTS) para pagamento de parte da presta\u00e7\u00e3o.<\/p>\n\n\n\n<ul class=\"wp-block-list\"><li>Outras medidas para pessoas f\u00edsicas anunciadas pela Caixa:<\/li><li>Clientes adimplentes ou com at\u00e9 duas parcelas em atraso poder\u00e3o optar pelo pagamento parcial da presta\u00e7\u00e3o do financiamento, por 90 dias;<\/li><li>Aos clientes que constroem com financiamento da Caixa (constru\u00e7\u00e3o individual), ser\u00e1 permitida a libera\u00e7\u00e3o antecipada de at\u00e9 duas parcelas, sem a vistoria;<\/li><li>Renegocia\u00e7\u00e3o de contratos com clientes em atraso entre 61 e 180 dias, permitindo pausa ou pagamento parcial das presta\u00e7\u00f5es;<\/li><li>Pausa de 90 dias no financiamento habitacional, para clientes adimplentes ou com at\u00e9 duas parcelas em atraso, incluindo os contratos em obra.<\/li><\/ul>\n\n\n\n<p><strong>Medidas para empresas<\/strong><\/p>\n\n\n\n<p>A institui\u00e7\u00e3o financeira tamb\u00e9m anunciou a\u00e7\u00f5es para empresas, com validade tamb\u00e9m a partir da pr\u00f3xima segunda-feira (13).<\/p>\n\n\n\n<ul class=\"wp-block-list\"><li>Antecipa\u00e7\u00e3o de at\u00e9 20% dos recursos do Financiamento \u00e0 Produ\u00e7\u00e3o de empreendimentos para obras a iniciar;<\/li><li>Antecipa\u00e7\u00e3o da libera\u00e7\u00e3o dos recursos correspondentes a at\u00e9 tr\u00eas meses, limitado a 10% do custo financiado, para obras em andamento e sem atrasos no cronograma;<\/li><li>Libera\u00e7\u00e3o de recursos de financiamento \u00e0 produ\u00e7\u00e3o n\u00e3o utilizados pela empresa nos meses anteriores, limitado a 10% do custo financiado;<\/li><li>Pausa no financiamento \u00e0 produ\u00e7\u00e3o de 90 dias, para clientes adimplentes ou com at\u00e9 duas parcelas em atraso, incluindo os contratos em obra;<\/li><li>Permitir o pagamento parcial da presta\u00e7\u00e3o do financiamento, por at\u00e9 90 dias, para os clientes adimplentes ou com at\u00e9 duas parcelas em atraso;<\/li><li>Inclus\u00e3o ou prorroga\u00e7\u00e3o de car\u00eancia por at\u00e9 180 dias, para os projetos com obras conclu\u00eddas e em fase de amortiza\u00e7\u00e3o;<\/li><li>Possibilidade de prorroga\u00e7\u00e3o do in\u00edcio das obras por at\u00e9 180 dias;<\/li><li>Admitir a reformula\u00e7\u00e3o do cronograma de obra, nos casos de conting\u00eancias na execu\u00e7\u00e3o por quest\u00f5es decorrentes da pandemia.<\/li><\/ul>\n","protected":false},"excerpt":{"rendered":"<p>A Caixa Econ\u00f4mica Federal anunciou que os novos contratos de financiamento imobili\u00e1rio fechados a partir da pr\u00f3xima segunda-feira (13) ter\u00e3o car\u00eancia de seis meses para&hellip; <\/p>\n","protected":false},"author":2,"featured_media":163134,"comment_status":"closed","ping_status":"closed","sticky":false,"template":"","format":"standard","meta":{"sfsi_plus_gutenberg_text_before_share":"","sfsi_plus_gutenberg_show_text_before_share":"","sfsi_plus_gutenberg_icon_type":"","sfsi_plus_gutenberg_icon_alignemt":"","sfsi_plus_gutenburg_max_per_row":"","footnotes":""},"categories":[50,2],"tags":[],"class_list":["post-163133","post","type-post","status-publish","format-standard","has-post-thumbnail","hentry","category-destaque","category-geral"],"_links":{"self":[{"href":"https:\/\/www.caririemacao.com\/1\/wp-json\/wp\/v2\/posts\/163133","targetHints":{"allow":["GET"]}}],"collection":[{"href":"https:\/\/www.caririemacao.com\/1\/wp-json\/wp\/v2\/posts"}],"about":[{"href":"https:\/\/www.caririemacao.com\/1\/wp-json\/wp\/v2\/types\/post"}],"author":[{"embeddable":true,"href":"https:\/\/www.caririemacao.com\/1\/wp-json\/wp\/v2\/users\/2"}],"replies":[{"embeddable":true,"href":"https:\/\/www.caririemacao.com\/1\/wp-json\/wp\/v2\/comments?post=163133"}],"version-history":[{"count":1,"href":"https:\/\/www.caririemacao.com\/1\/wp-json\/wp\/v2\/posts\/163133\/revisions"}],"predecessor-version":[{"id":163135,"href":"https:\/\/www.caririemacao.com\/1\/wp-json\/wp\/v2\/posts\/163133\/revisions\/163135"}],"wp:featuredmedia":[{"embeddable":true,"href":"https:\/\/www.caririemacao.com\/1\/wp-json\/wp\/v2\/media\/163134"}],"wp:attachment":[{"href":"https:\/\/www.caririemacao.com\/1\/wp-json\/wp\/v2\/media?parent=163133"}],"wp:term":[{"taxonomy":"category","embeddable":true,"href":"https:\/\/www.caririemacao.com\/1\/wp-json\/wp\/v2\/categories?post=163133"},{"taxonomy":"post_tag","embeddable":true,"href":"https:\/\/www.caririemacao.com\/1\/wp-json\/wp\/v2\/tags?post=163133"}],"curies":[{"name":"wp","href":"https:\/\/api.w.org\/{rel}","templated":true}]}}