{"id":163137,"date":"2020-04-10T08:12:04","date_gmt":"2020-04-10T11:12:04","guid":{"rendered":"http:\/\/www.caririemacao.com\/1\/?p=163137"},"modified":"2020-04-10T08:12:06","modified_gmt":"2020-04-10T11:12:06","slug":"homem-de-86-anos-com-13-doencas-cronicas-se-recupera-da-covid-19","status":"publish","type":"post","link":"https:\/\/www.caririemacao.com\/1\/2020\/04\/10\/homem-de-86-anos-com-13-doencas-cronicas-se-recupera-da-covid-19\/","title":{"rendered":"Homem de 86 anos com 13 doen\u00e7as cr\u00f4nicas se recupera da Covid-19"},"content":{"rendered":"\n<p>Na China, um homem de 86 anos e portador de 13 doen\u00e7as cr\u00f4nicas foi curado da Covid-19. A hist\u00f3ria foi relatada em um artigo assinado por cinco m\u00e9dicos das cidades chinesas de Guangzhou e Wuhan, onde a pandemia come\u00e7ou em dezembro do ano passado.<\/p>\n\n\n\n<p>Sem a identidade revelada, o homem pertencia a quase todos os grupos mais atingidos pelo novo coronav\u00edrus. Para a surpresa dos profissionais de sa\u00fade, ele se tornou uma das 300 mil pessoas recuperadas at\u00e9 o momento.<\/p>\n\n\n\n<p>O trabalho, j\u00e1 avalizado por pares, foi submetido \u00e0 revista cient\u00edfica da Associa\u00e7\u00e3o Internacional para Estudos de C\u00e2ncer de Pulm\u00e3o.<\/p>\n\n\n\n<p><strong>O caso<\/strong><\/p>\n\n\n\n<p>O homem chegou ao Hospital Universit\u00e1rio de Jianghan, em Wuhan, no dia 22 de janeiro, ap\u00f3s dois dias de tosse e febre alta.<\/p>\n\n\n\n<p>O caso era tratado com gravidade pelos m\u00e9dicos, tendo em vista que, de acordo com estudos, o grupo com a mais alta taxa de mortalidade era o de pessoas com 80 anos ou mais (15 a cada 100 infectados morrem).<\/p>\n\n\n\n<p>Al\u00e9m do fator da idade, o paciente de 86 anos apresentava 13 comorbidades, ou seja, doen\u00e7as cr\u00f4nicas que enfraquecem o sistema imunol\u00f3gico. Hipertens\u00e3o, diabetes, aterosclerose cerebral, pancreatite e insufici\u00eancia renal s\u00e3o alguns exemplos.<\/p>\n\n\n\n<p>Os m\u00e9dicos revelaram que para o tratamento foram necess\u00e1rios tr\u00eas principais rem\u00e9dios. O primeiro, no combate \u00e0 infec\u00e7\u00e3o; o segundo, diretamente contra o v\u00edrus; e o terceiro, \u00e0 base de corticoide, utilizado para agir quanto \u00e0 resposta imunol\u00f3gica.<\/p>\n\n\n\n<p>No entanto, n\u00e3o se tem a certeza de que a melhora foi resultado dos rem\u00e9dios, mas alguns dias ap\u00f3s a realiza\u00e7\u00e3o do tratamento, a febre cedeu e a inflama\u00e7\u00e3o nos pulm\u00f5es diminuiu, apontou pesquisadores.<\/p>\n","protected":false},"excerpt":{"rendered":"<p>Na China, um homem de 86 anos e portador de 13 doen\u00e7as cr\u00f4nicas foi curado da Covid-19. A hist\u00f3ria foi relatada em um artigo assinado&hellip; <\/p>\n","protected":false},"author":2,"featured_media":163138,"comment_status":"closed","ping_status":"closed","sticky":false,"template":"","format":"standard","meta":{"sfsi_plus_gutenberg_text_before_share":"","sfsi_plus_gutenberg_show_text_before_share":"","sfsi_plus_gutenberg_icon_type":"","sfsi_plus_gutenberg_icon_alignemt":"","sfsi_plus_gutenburg_max_per_row":"","footnotes":""},"categories":[50,2],"tags":[],"class_list":["post-163137","post","type-post","status-publish","format-standard","has-post-thumbnail","hentry","category-destaque","category-geral"],"_links":{"self":[{"href":"https:\/\/www.caririemacao.com\/1\/wp-json\/wp\/v2\/posts\/163137","targetHints":{"allow":["GET"]}}],"collection":[{"href":"https:\/\/www.caririemacao.com\/1\/wp-json\/wp\/v2\/posts"}],"about":[{"href":"https:\/\/www.caririemacao.com\/1\/wp-json\/wp\/v2\/types\/post"}],"author":[{"embeddable":true,"href":"https:\/\/www.caririemacao.com\/1\/wp-json\/wp\/v2\/users\/2"}],"replies":[{"embeddable":true,"href":"https:\/\/www.caririemacao.com\/1\/wp-json\/wp\/v2\/comments?post=163137"}],"version-history":[{"count":1,"href":"https:\/\/www.caririemacao.com\/1\/wp-json\/wp\/v2\/posts\/163137\/revisions"}],"predecessor-version":[{"id":163139,"href":"https:\/\/www.caririemacao.com\/1\/wp-json\/wp\/v2\/posts\/163137\/revisions\/163139"}],"wp:featuredmedia":[{"embeddable":true,"href":"https:\/\/www.caririemacao.com\/1\/wp-json\/wp\/v2\/media\/163138"}],"wp:attachment":[{"href":"https:\/\/www.caririemacao.com\/1\/wp-json\/wp\/v2\/media?parent=163137"}],"wp:term":[{"taxonomy":"category","embeddable":true,"href":"https:\/\/www.caririemacao.com\/1\/wp-json\/wp\/v2\/categories?post=163137"},{"taxonomy":"post_tag","embeddable":true,"href":"https:\/\/www.caririemacao.com\/1\/wp-json\/wp\/v2\/tags?post=163137"}],"curies":[{"name":"wp","href":"https:\/\/api.w.org\/{rel}","templated":true}]}}