{"id":163145,"date":"2020-04-10T08:20:13","date_gmt":"2020-04-10T11:20:13","guid":{"rendered":"http:\/\/www.caririemacao.com\/1\/?p=163145"},"modified":"2020-04-10T08:20:15","modified_gmt":"2020-04-10T11:20:15","slug":"paraiba-faz-uso-de-hidroxicloroquina","status":"publish","type":"post","link":"https:\/\/www.caririemacao.com\/1\/2020\/04\/10\/paraiba-faz-uso-de-hidroxicloroquina\/","title":{"rendered":"Paraiba faz uso de hidroxicloroquina"},"content":{"rendered":"\n<p>A Secretaria de Sa\u00fade do Estado vem fazendo o uso de hidroxicloroquina em pacientes que est\u00e3o hospitalizados em decorr\u00eancia da Covid-19, doen\u00e7a causada pelo novo coronav\u00edrus.<\/p>\n\n\n\n<p>Ao&nbsp;<strong>Portal MaisPB<\/strong>, o secret\u00e1rio de Sa\u00fade, Geraldo Medeiros, informou que o medicamento \u00e9 aplicado nos casos das pessoas que est\u00e3o internadas no Hospital Clementino Fraga, em Jo\u00e3o Pessoa. A azitromicina tamb\u00e9m est\u00e1 em uso.<\/p>\n\n\n\n<p>O uso da subst\u00e2ncia \u00e9 defendido pelo presidente da Rep\u00fablica, Jair Bolsonaro (sem partido), como forma de combater as consequ\u00eancias causadas pelo coronav\u00edrus. Ontem, o ministro da Sa\u00fade, Henrique Mandetta, informou que os m\u00e9dicos est\u00e3o liberados a prescrever cloroquina ou hidroxicloroquina no tratamento, desde que assumam a responsabilidade de prescri\u00e7\u00e3o, em acordo com paciente e familiares.<\/p>\n\n\n\n<p>Hoje, o prefeito de S\u00e3o Paulo, Bruno Covas (PSDB), anunciou que o medicamento tamb\u00e9m ser\u00e1 usados nos hospitais da rede municipal paulista.<\/p>\n\n\n\n<p><strong>MaisPB<\/strong><\/p>\n\n\n\n<p><\/p>\n","protected":false},"excerpt":{"rendered":"<p>A Secretaria de Sa\u00fade do Estado vem fazendo o uso de hidroxicloroquina em pacientes que est\u00e3o hospitalizados em decorr\u00eancia da Covid-19, doen\u00e7a causada pelo novo&hellip; <\/p>\n","protected":false},"author":2,"featured_media":163147,"comment_status":"closed","ping_status":"closed","sticky":false,"template":"","format":"standard","meta":{"sfsi_plus_gutenberg_text_before_share":"","sfsi_plus_gutenberg_show_text_before_share":"","sfsi_plus_gutenberg_icon_type":"","sfsi_plus_gutenberg_icon_alignemt":"","sfsi_plus_gutenburg_max_per_row":"","footnotes":""},"categories":[2],"tags":[],"class_list":["post-163145","post","type-post","status-publish","format-standard","has-post-thumbnail","hentry","category-geral"],"_links":{"self":[{"href":"https:\/\/www.caririemacao.com\/1\/wp-json\/wp\/v2\/posts\/163145","targetHints":{"allow":["GET"]}}],"collection":[{"href":"https:\/\/www.caririemacao.com\/1\/wp-json\/wp\/v2\/posts"}],"about":[{"href":"https:\/\/www.caririemacao.com\/1\/wp-json\/wp\/v2\/types\/post"}],"author":[{"embeddable":true,"href":"https:\/\/www.caririemacao.com\/1\/wp-json\/wp\/v2\/users\/2"}],"replies":[{"embeddable":true,"href":"https:\/\/www.caririemacao.com\/1\/wp-json\/wp\/v2\/comments?post=163145"}],"version-history":[{"count":1,"href":"https:\/\/www.caririemacao.com\/1\/wp-json\/wp\/v2\/posts\/163145\/revisions"}],"predecessor-version":[{"id":163148,"href":"https:\/\/www.caririemacao.com\/1\/wp-json\/wp\/v2\/posts\/163145\/revisions\/163148"}],"wp:featuredmedia":[{"embeddable":true,"href":"https:\/\/www.caririemacao.com\/1\/wp-json\/wp\/v2\/media\/163147"}],"wp:attachment":[{"href":"https:\/\/www.caririemacao.com\/1\/wp-json\/wp\/v2\/media?parent=163145"}],"wp:term":[{"taxonomy":"category","embeddable":true,"href":"https:\/\/www.caririemacao.com\/1\/wp-json\/wp\/v2\/categories?post=163145"},{"taxonomy":"post_tag","embeddable":true,"href":"https:\/\/www.caririemacao.com\/1\/wp-json\/wp\/v2\/tags?post=163145"}],"curies":[{"name":"wp","href":"https:\/\/api.w.org\/{rel}","templated":true}]}}