{"id":163149,"date":"2020-04-10T08:21:57","date_gmt":"2020-04-10T11:21:57","guid":{"rendered":"http:\/\/www.caririemacao.com\/1\/?p=163149"},"modified":"2020-04-10T08:22:34","modified_gmt":"2020-04-10T11:22:34","slug":"primeiro-caso-confirmado-de-covid-19-no-cariri-esta-curado-e-celebra-a-superacao-da-doenca","status":"publish","type":"post","link":"https:\/\/www.caririemacao.com\/1\/2020\/04\/10\/primeiro-caso-confirmado-de-covid-19-no-cariri-esta-curado-e-celebra-a-superacao-da-doenca\/","title":{"rendered":"Primeiro caso confirmado de Covid-19 no Cariri est\u00e1 curado e celebra a supera\u00e7\u00e3o da doen\u00e7a"},"content":{"rendered":"\n<div class=\"wp-block-image\"><figure class=\"aligncenter\"><img decoding=\"async\" data-src=\"http:\/\/deolhonocariri.com.br\/wp-content\/uploads\/2020\/04\/93049681_234238047960824_7076549710739144704_n.jpg\" alt=\"\" class=\"wp-image-80498 lazyload\" src=\"data:image\/svg+xml;base64,PHN2ZyB3aWR0aD0iMSIgaGVpZ2h0PSIxIiB4bWxucz0iaHR0cDovL3d3dy53My5vcmcvMjAwMC9zdmciPjwvc3ZnPg==\" \/><\/figure><\/div>\n\n\n\n<p>Em meio ao caos e a problem\u00e1tica vivida pela dissemina\u00e7\u00e3o do Covid-19 (novo coronav\u00edrus) em milhares de pessoas por tudo o mundo, in\u00fameras pessoas est\u00e3o comemorando a cura da doen\u00e7a, dando esperan\u00e7a de dias melhores para nossa popula\u00e7\u00e3o.<\/p>\n\n\n\n<p>Dentre os pacientes que foram contagiados pelo Covid-19 e ap\u00f3s o per\u00edodo de quarentena e isolamento social ficaram curados, um aconteceu no munic\u00edpio de Serra Branca, Cariri da Para\u00edba.<\/p>\n\n\n\n<p>O serra-branquense Ismar Vilar, primeiro paciente a ser infectado pelo coronav\u00edrus na regi\u00e3o do Cariri, relatou atrav\u00e9s de um v\u00eddeo e uma entrevista ao jornalista Klebson Wanderley a sua cura da doen\u00e7a.<\/p>\n\n\n\n<p>Ismar foi infectado pelo Covid-19 h\u00e1 pouco mais de 20 dias, ap\u00f3s viajar para Recife durante um final de semana. Ao voltar para a cidade natal, come\u00e7ou a apresentar os sintomas da doen\u00e7a.<\/p>\n\n\n\n<p>Ismar Vilar contactou por telefone a unidade m\u00e9dica da cidade e passou a cumprir as medidas de preven\u00e7\u00e3o e de isolamento domiciliar juntamente com sua esposa, mesmo sem saber se estava com o novo v\u00edrus.<\/p>\n\n\n\n<p>Na \u00faltima semana, a Secretaria de Sa\u00fade de Serra Branca recebeu o teste positivo para o Covid-19 do paciente, mas ele j\u00e1 n\u00e3o apresentava qualquer sintoma e concluiu o prazo de \u201cquarentena\u201d, com isolamento total em casa.<\/p>\n\n\n\n<p>Nesta quinta-feira (09), o serrabranquense retornou ao Hospital de Serra Branca, onde foi avaliado pela equipe m\u00e9dica e recebeu o diagn\u00f3stico da cura da doen\u00e7a.<\/p>\n\n\n\n<p>Ismar Vilar comemorou atrav\u00e9s de v\u00eddeo. \u201cUm brinde a vida, passei pelo covid-19 e agora estou curado gra\u00e7as a Deus\u201d.<\/p>\n\n\n\n<p><strong>VEJA O V\u00cdDEO:<\/strong><\/p>\n\n\n\n<figure><iframe data-src=\"https:\/\/www.instagram.com\/p\/B-xwWCJnzZO\/embed\/captioned\/?cr=1&amp;v=12&amp;wp=656&amp;rd=https%3A%2F%2Fdeolhonocariri.com.br&amp;rp=%2Fgeral%2Fprimeiro-caso-confirmado-de-covid-19-no-cariri-esta-curado-e-celebra-a-superacao-da-doenca#%7B%22ci%22%3A0%2C%22os%22%3A3283.100000000559%2C%22ls%22%3A1477.6000000420026%2C%22le%22%3A1549.4000000180677%7D\" allowfullscreen=\"true\" height=\"692\" src=\"data:image\/svg+xml;base64,PHN2ZyB3aWR0aD0iMSIgaGVpZ2h0PSIxIiB4bWxucz0iaHR0cDovL3d3dy53My5vcmcvMjAwMC9zdmciPjwvc3ZnPg==\" class=\"lazyload\" data-load-mode=\"1\"><\/iframe><\/figure>\n\n\n\n<p><strong>De Olho no Cariri<\/strong><\/p>\n","protected":false},"excerpt":{"rendered":"<p>Em meio ao caos e a problem\u00e1tica vivida pela dissemina\u00e7\u00e3o do Covid-19 (novo coronav\u00edrus) em milhares de pessoas por tudo o mundo, in\u00fameras pessoas est\u00e3o&hellip; <\/p>\n","protected":false},"author":2,"featured_media":163150,"comment_status":"closed","ping_status":"closed","sticky":false,"template":"","format":"standard","meta":{"sfsi_plus_gutenberg_text_before_share":"","sfsi_plus_gutenberg_show_text_before_share":"","sfsi_plus_gutenberg_icon_type":"","sfsi_plus_gutenberg_icon_alignemt":"","sfsi_plus_gutenburg_max_per_row":"","footnotes":""},"categories":[50,2],"tags":[],"class_list":["post-163149","post","type-post","status-publish","format-standard","has-post-thumbnail","hentry","category-destaque","category-geral"],"_links":{"self":[{"href":"https:\/\/www.caririemacao.com\/1\/wp-json\/wp\/v2\/posts\/163149","targetHints":{"allow":["GET"]}}],"collection":[{"href":"https:\/\/www.caririemacao.com\/1\/wp-json\/wp\/v2\/posts"}],"about":[{"href":"https:\/\/www.caririemacao.com\/1\/wp-json\/wp\/v2\/types\/post"}],"author":[{"embeddable":true,"href":"https:\/\/www.caririemacao.com\/1\/wp-json\/wp\/v2\/users\/2"}],"replies":[{"embeddable":true,"href":"https:\/\/www.caririemacao.com\/1\/wp-json\/wp\/v2\/comments?post=163149"}],"version-history":[{"count":2,"href":"https:\/\/www.caririemacao.com\/1\/wp-json\/wp\/v2\/posts\/163149\/revisions"}],"predecessor-version":[{"id":163152,"href":"https:\/\/www.caririemacao.com\/1\/wp-json\/wp\/v2\/posts\/163149\/revisions\/163152"}],"wp:featuredmedia":[{"embeddable":true,"href":"https:\/\/www.caririemacao.com\/1\/wp-json\/wp\/v2\/media\/163150"}],"wp:attachment":[{"href":"https:\/\/www.caririemacao.com\/1\/wp-json\/wp\/v2\/media?parent=163149"}],"wp:term":[{"taxonomy":"category","embeddable":true,"href":"https:\/\/www.caririemacao.com\/1\/wp-json\/wp\/v2\/categories?post=163149"},{"taxonomy":"post_tag","embeddable":true,"href":"https:\/\/www.caririemacao.com\/1\/wp-json\/wp\/v2\/tags?post=163149"}],"curies":[{"name":"wp","href":"https:\/\/api.w.org\/{rel}","templated":true}]}}