{"id":163163,"date":"2020-04-10T08:35:15","date_gmt":"2020-04-10T11:35:15","guid":{"rendered":"http:\/\/www.caririemacao.com\/1\/?p=163163"},"modified":"2020-04-10T08:35:16","modified_gmt":"2020-04-10T11:35:16","slug":"prefeitura-de-sao-sebastiao-do-umbuzeiro-realiza-verdadeira-operacao-de-guerra-pela-saude-com-vacinacao-em-domicilio-prevencao-ao-coronavirus-e-combate-ao-mosquito-aedes-aegypt","status":"publish","type":"post","link":"https:\/\/www.caririemacao.com\/1\/2020\/04\/10\/prefeitura-de-sao-sebastiao-do-umbuzeiro-realiza-verdadeira-operacao-de-guerra-pela-saude-com-vacinacao-em-domicilio-prevencao-ao-coronavirus-e-combate-ao-mosquito-aedes-aegypt\/","title":{"rendered":"Prefeitura de S\u00e3o Sebasti\u00e3o do Umbuzeiro realiza verdadeira opera\u00e7\u00e3o de guerra pela sa\u00fade, com vacina\u00e7\u00e3o em domic\u00edlio, preven\u00e7\u00e3o ao coronav\u00edrus e combate ao mosquito aedes aegypt"},"content":{"rendered":"\n<figure class=\"wp-block-image\"><a href=\"https:\/\/1.bp.blogspot.com\/-WrI5HYsOeoU\/Xo2oj9FR0DI\/AAAAAAAAH4k\/3MtjZqOUQ7Y-ejKuzWZ85q7L7VZn-J2KQCLcBGAsYHQ\/s1600\/1.jpg\"><img decoding=\"async\" data-src=\"https:\/\/1.bp.blogspot.com\/-WrI5HYsOeoU\/Xo2oj9FR0DI\/AAAAAAAAH4k\/3MtjZqOUQ7Y-ejKuzWZ85q7L7VZn-J2KQCLcBGAsYHQ\/s280\/1.jpg\" alt=\"\" src=\"data:image\/svg+xml;base64,PHN2ZyB3aWR0aD0iMSIgaGVpZ2h0PSIxIiB4bWxucz0iaHR0cDovL3d3dy53My5vcmcvMjAwMC9zdmciPjwvc3ZnPg==\" class=\"lazyload\" \/><\/a><\/figure>\n\n\n\n<p>A Secret\u00e1ria Municipal de Sa\u00fade S\u00e3o Sebasti\u00e3o do Umbuzeiro atrav\u00e9s das equipes de Vigil\u00e2ncia em Sa\u00fade, e da Aten\u00e7\u00e3o Prim\u00e1ria a Sa\u00fade vem desenvolvendo diversas atividades em tempos nos quais al\u00e9m da preocupa\u00e7\u00e3o com a pandemia do COVID-19, existe tamb\u00e9m a preocupa\u00e7\u00e3o com a preven\u00e7\u00e3o \u00e0 dengue, zika e chykungunya.<br>Entre as a\u00e7\u00f5es realizadas relativas ao coronav\u00edrus est\u00e3o: a orienta\u00e7\u00e3o casa a casa com adesivagem de ALERTA,&nbsp;&nbsp;a orienta\u00e7\u00e3o sobre a quarentena para os visitantes de outras localidades com assinatura de termo de compromisso, e as visitas ao com\u00e9rcio com orienta\u00e7\u00f5es sobre a preven\u00e7\u00e3o do Covid19.<br><\/p>\n\n\n\n<figure class=\"wp-block-image\"><a href=\"https:\/\/1.bp.blogspot.com\/-7-rvfsjo9ZQ\/Xo2ouL8w2OI\/AAAAAAAAH4o\/zMsIZk1JjpkIYicOOidyJBJveIeR8ZzXQCLcBGAsYHQ\/s1600\/111.jpg\"><img decoding=\"async\" data-src=\"https:\/\/1.bp.blogspot.com\/-7-rvfsjo9ZQ\/Xo2ouL8w2OI\/AAAAAAAAH4o\/zMsIZk1JjpkIYicOOidyJBJveIeR8ZzXQCLcBGAsYHQ\/s280\/111.jpg\" alt=\"\" src=\"data:image\/svg+xml;base64,PHN2ZyB3aWR0aD0iMSIgaGVpZ2h0PSIxIiB4bWxucz0iaHR0cDovL3d3dy53My5vcmcvMjAwMC9zdmciPjwvc3ZnPg==\" class=\"lazyload\" \/><\/a><\/figure>\n\n\n\n<p>J\u00e1 em rela\u00e7\u00e3o \u00e0 campanha de vacina\u00e7\u00e3o da Influenza 2020, vale destacar que por determina\u00e7\u00e3o da gest\u00e3o municipal, a mesma est\u00e1 sendo realizado casa a casa, em todos os recantos do munic\u00edpio evitando assim aglomera\u00e7\u00e3o de pessoas e dando mais conforto e seguran\u00e7a aos idosos do munic\u00edpio.<br>Dentro das a\u00e7\u00f5es de preven\u00e7\u00e3o e combate ao mosquito do aedes aegypt, a equipe da vigil\u00e2ncia de SS. do Umbuzeiro est\u00e1 realizando visitas, limpeza de locais que possam se tornar poss\u00edveis focos do mosquito, e um grande trabalho de orienta\u00e7\u00e3o \u00e0 popula\u00e7\u00e3o.<br>Vale refor\u00e7ar a informa\u00e7\u00e3o de que a equipe que est\u00e1 atuando em todas estas frentes de trabalho, neste momento de crise e de alerta, est\u00e1 devidamente paramentada, com todo material disponibilizado gra\u00e7as ao esfor\u00e7o da gest\u00e3o municipal e muito bem capacitados, informados e preparados em rela\u00e7\u00e3o \u00e0s a\u00e7\u00f5es durante a pandemia do Covid 19, o que traz uma tranquilidade ainda maior aos saosebastianenses.<br>\u201cCada um fazendo a sua parte seremos mais forte no combate, e a gest\u00e3o n\u00e3o est\u00e1 medindo esfor\u00e7os para isso\u201d, frisou o prefeito Adriano Wolff.<br><strong>F\u00c1BIO BRITO<\/strong><br><\/p>\n","protected":false},"excerpt":{"rendered":"<p>A Secret\u00e1ria Municipal de Sa\u00fade S\u00e3o Sebasti\u00e3o do Umbuzeiro atrav\u00e9s das equipes de Vigil\u00e2ncia em Sa\u00fade, e da Aten\u00e7\u00e3o Prim\u00e1ria a Sa\u00fade vem desenvolvendo diversas&hellip; <\/p>\n","protected":false},"author":2,"featured_media":163164,"comment_status":"closed","ping_status":"closed","sticky":false,"template":"","format":"standard","meta":{"sfsi_plus_gutenberg_text_before_share":"","sfsi_plus_gutenberg_show_text_before_share":"","sfsi_plus_gutenberg_icon_type":"","sfsi_plus_gutenberg_icon_alignemt":"","sfsi_plus_gutenburg_max_per_row":"","footnotes":""},"categories":[2],"tags":[],"class_list":["post-163163","post","type-post","status-publish","format-standard","has-post-thumbnail","hentry","category-geral"],"_links":{"self":[{"href":"https:\/\/www.caririemacao.com\/1\/wp-json\/wp\/v2\/posts\/163163","targetHints":{"allow":["GET"]}}],"collection":[{"href":"https:\/\/www.caririemacao.com\/1\/wp-json\/wp\/v2\/posts"}],"about":[{"href":"https:\/\/www.caririemacao.com\/1\/wp-json\/wp\/v2\/types\/post"}],"author":[{"embeddable":true,"href":"https:\/\/www.caririemacao.com\/1\/wp-json\/wp\/v2\/users\/2"}],"replies":[{"embeddable":true,"href":"https:\/\/www.caririemacao.com\/1\/wp-json\/wp\/v2\/comments?post=163163"}],"version-history":[{"count":1,"href":"https:\/\/www.caririemacao.com\/1\/wp-json\/wp\/v2\/posts\/163163\/revisions"}],"predecessor-version":[{"id":163165,"href":"https:\/\/www.caririemacao.com\/1\/wp-json\/wp\/v2\/posts\/163163\/revisions\/163165"}],"wp:featuredmedia":[{"embeddable":true,"href":"https:\/\/www.caririemacao.com\/1\/wp-json\/wp\/v2\/media\/163164"}],"wp:attachment":[{"href":"https:\/\/www.caririemacao.com\/1\/wp-json\/wp\/v2\/media?parent=163163"}],"wp:term":[{"taxonomy":"category","embeddable":true,"href":"https:\/\/www.caririemacao.com\/1\/wp-json\/wp\/v2\/categories?post=163163"},{"taxonomy":"post_tag","embeddable":true,"href":"https:\/\/www.caririemacao.com\/1\/wp-json\/wp\/v2\/tags?post=163163"}],"curies":[{"name":"wp","href":"https:\/\/api.w.org\/{rel}","templated":true}]}}