{"id":163166,"date":"2020-04-10T08:37:22","date_gmt":"2020-04-10T11:37:22","guid":{"rendered":"http:\/\/www.caririemacao.com\/1\/?p=163166"},"modified":"2020-04-10T08:37:24","modified_gmt":"2020-04-10T11:37:24","slug":"video-teria-flagrado-sepultamento-incomum-na-madrugada-em-sertania-veja","status":"publish","type":"post","link":"https:\/\/www.caririemacao.com\/1\/2020\/04\/10\/video-teria-flagrado-sepultamento-incomum-na-madrugada-em-sertania-veja\/","title":{"rendered":"V\u00eddeo teria flagrado sepultamento \u201cincomum\u201d na madrugada em Sert\u00e2nia. Veja"},"content":{"rendered":"\n<p><\/p>\n\n\n\n<figure class=\"wp-block-image\"><a href=\"https:\/\/1.bp.blogspot.com\/-P4nBuZQ4j0U\/Xo3Au_acu5I\/AAAAAAAAH40\/r1jANaLrJSMas5RiXh0SWqq5Q10qTqq1wCLcBGAsYHQ\/s1600\/1111.png\"><img decoding=\"async\" data-src=\"https:\/\/1.bp.blogspot.com\/-P4nBuZQ4j0U\/Xo3Au_acu5I\/AAAAAAAAH40\/r1jANaLrJSMas5RiXh0SWqq5Q10qTqq1wCLcBGAsYHQ\/s280\/1111.png\" alt=\"\" src=\"data:image\/svg+xml;base64,PHN2ZyB3aWR0aD0iMSIgaGVpZ2h0PSIxIiB4bWxucz0iaHR0cDovL3d3dy53My5vcmcvMjAwMC9zdmciPjwvc3ZnPg==\" class=\"lazyload\" \/><\/a><\/figure>\n\n\n\n<p><\/p>\n\n\n\n<figure><iframe allowfullscreen=\"allowfullscreen\" height=\"210\" data-src=\"https:\/\/www.blogger.com\/video.g?token=AD6v5dzIGWz464paob5-eVn_CNKFu8Ews3PWk8K54MrDfk0LvzdVLxM22qRKnE_NaBwmcFMP4fMhn0KutbmC9HXa4qfVXy6eTS_7uAxzTz0RCEviLPN39ofsvyEEN4QNVlE0kiEpc6ie\" width=\"280\" src=\"data:image\/svg+xml;base64,PHN2ZyB3aWR0aD0iMSIgaGVpZ2h0PSIxIiB4bWxucz0iaHR0cDovL3d3dy53My5vcmcvMjAwMC9zdmciPjwvc3ZnPg==\" class=\"lazyload\" data-load-mode=\"1\"><\/iframe><\/figure>\n\n\n\n<p>Um v\u00eddeo est\u00e1 circulando nos grupos de whatsapp de toda a regi\u00e3o, desde o in\u00edcio da manh\u00e3 desta quarta feira, 08, e causando preocupa\u00e7\u00e3o e dando margem \u00e0 diversas especula\u00e7\u00f5es.<br>O v\u00eddeo traria imagens do que seria um sepultamento sendo realizado na cidade de Sert\u00e2nia, e a pessoa que faz as imagens afirma que \u00e9 01 hora da manh\u00e3 no momento.<br>O v\u00eddeo tamb\u00e9m cont\u00e9m imagens do que seriam pessoas com roupas de prote\u00e7\u00e3o completa, usadas geralmente para evitar contamina\u00e7\u00f5es conduzindo o que seria um caix\u00e3o para o suposto sepultamento.<br>Tamb\u00e9m pode se notar no v\u00eddeo o reflexo de um giroflex, que pode ser de uma ambul\u00e2ncia. Pode se perceber tamb\u00e9m nas imagens que trataria-se do cemit\u00e9rio p\u00fablico de Sert\u00e2nia.<br>As insinua\u00e7\u00f5es, e coment\u00e1rios s\u00e3o de que o v\u00eddeo poderia ter flagrado o sepultamento da Senhora, que faleceu recentemente em Arcoverde e que estava com suspeita de ter contra\u00eddo o coronav\u00edrus.<br>Fontes que ser\u00e3o mantidas em sigilo, afirmaram ao nosso portal que a Prefeitura Municipal de Sert\u00e2nia teria feito todos os esfor\u00e7os poss\u00edveis para omitir o caso, e que o sepultamento pela madrugada, teria sido uma das t\u00e1ticas adotadas para isso.<br>As informa\u00e7\u00f5es s\u00e3o extra oficiais, e o portal BLOG DO F\u00c1BIO BRITO deixa o espa\u00e7o aberto para que os representantes da gest\u00e3o municipal de Sert\u00e2nia possam se manifestar, j\u00e1 que em diversas tentativas de contato telef\u00f4nico com a secretaria de sa\u00fade realizadas hoje, nossa reportagem n\u00e3o conseguiu \u00eaxito.<strong><br><\/strong><strong>F\u00c1BIO BRITO<\/strong><\/p>\n","protected":false},"excerpt":{"rendered":"<p>Um v\u00eddeo est\u00e1 circulando nos grupos de whatsapp de toda a regi\u00e3o, desde o in\u00edcio da manh\u00e3 desta quarta feira, 08, e causando preocupa\u00e7\u00e3o e&hellip; <\/p>\n","protected":false},"author":2,"featured_media":163167,"comment_status":"closed","ping_status":"closed","sticky":false,"template":"","format":"standard","meta":{"sfsi_plus_gutenberg_text_before_share":"","sfsi_plus_gutenberg_show_text_before_share":"","sfsi_plus_gutenberg_icon_type":"","sfsi_plus_gutenberg_icon_alignemt":"","sfsi_plus_gutenburg_max_per_row":"","footnotes":""},"categories":[2],"tags":[],"class_list":["post-163166","post","type-post","status-publish","format-standard","has-post-thumbnail","hentry","category-geral"],"_links":{"self":[{"href":"https:\/\/www.caririemacao.com\/1\/wp-json\/wp\/v2\/posts\/163166","targetHints":{"allow":["GET"]}}],"collection":[{"href":"https:\/\/www.caririemacao.com\/1\/wp-json\/wp\/v2\/posts"}],"about":[{"href":"https:\/\/www.caririemacao.com\/1\/wp-json\/wp\/v2\/types\/post"}],"author":[{"embeddable":true,"href":"https:\/\/www.caririemacao.com\/1\/wp-json\/wp\/v2\/users\/2"}],"replies":[{"embeddable":true,"href":"https:\/\/www.caririemacao.com\/1\/wp-json\/wp\/v2\/comments?post=163166"}],"version-history":[{"count":1,"href":"https:\/\/www.caririemacao.com\/1\/wp-json\/wp\/v2\/posts\/163166\/revisions"}],"predecessor-version":[{"id":163168,"href":"https:\/\/www.caririemacao.com\/1\/wp-json\/wp\/v2\/posts\/163166\/revisions\/163168"}],"wp:featuredmedia":[{"embeddable":true,"href":"https:\/\/www.caririemacao.com\/1\/wp-json\/wp\/v2\/media\/163167"}],"wp:attachment":[{"href":"https:\/\/www.caririemacao.com\/1\/wp-json\/wp\/v2\/media?parent=163166"}],"wp:term":[{"taxonomy":"category","embeddable":true,"href":"https:\/\/www.caririemacao.com\/1\/wp-json\/wp\/v2\/categories?post=163166"},{"taxonomy":"post_tag","embeddable":true,"href":"https:\/\/www.caririemacao.com\/1\/wp-json\/wp\/v2\/tags?post=163166"}],"curies":[{"name":"wp","href":"https:\/\/api.w.org\/{rel}","templated":true}]}}