{"id":163177,"date":"2020-04-10T08:48:53","date_gmt":"2020-04-10T11:48:53","guid":{"rendered":"http:\/\/www.caririemacao.com\/1\/?p=163177"},"modified":"2020-04-10T08:48:55","modified_gmt":"2020-04-10T11:48:55","slug":"camara-aprova-suspensao-de-cadastro-negativo-durante-pandemia","status":"publish","type":"post","link":"https:\/\/www.caririemacao.com\/1\/2020\/04\/10\/camara-aprova-suspensao-de-cadastro-negativo-durante-pandemia\/","title":{"rendered":"C\u00e2mara aprova suspens\u00e3o de cadastro negativo durante pandemia"},"content":{"rendered":"\n<p>O plen\u00e1rio da C\u00e2mara dos Deputados aprovou hoje (9) um projeto de lei que suspende por 90 dias a inclus\u00e3o de novos inscritos em servi\u00e7os de prote\u00e7\u00e3o ao cr\u00e9dito como Serasa e SPC, o chamado cadastro negativo. A medida segue para an\u00e1lise do Senado Federal.<\/p>\n\n\n\n<p>O texto \u00e9 mais uma das medidas de enfrentamento \u00e0 pandemia do novo coronav\u00edrus e ter\u00e1 validade retroativa, a partir de 20 de mar\u00e7o deste ano. O PL autoriza a Secretaria Nacional do Consumidor (Senacon) do Minist\u00e9rio da Justi\u00e7a a prorrogar a suspens\u00e3o das novas inscri\u00e7\u00f5es nos cadastros de devedores enquanto durar a emerg\u00eancia em sa\u00fade p\u00fablica.<\/p>\n\n\n\n<p>Segundo o relator do projeto, deputado Julian Lemos (PSL-PB), a medida tem o objetivo de garantir acesso ao cr\u00e9dito a quem foi prejudicado com as medidas adotadas durante a pandemia. Pelo projeto, em casos de cobran\u00e7a de multa por descumprimento da norma, o dinheiro dever\u00e1 ser aplicado em medidas de combate \u00e0 covid-19.<\/p>\n\n\n\n<p>Contr\u00e1rio \u00e0 proposta, o deputado Marcel Van Hattem (Novo-RS) afirmou que haver\u00e1 aumento de juros para todos os cidad\u00e3os e empresas, que ser\u00e3o penalizados pelos inadimplentes.&nbsp;<\/p>\n\n\n\n<p>\u201cMuitos querem que seja aprovado esse projeto na v\u00e3 ilus\u00e3o de que haver\u00e1 mais facilidade para acessar o cr\u00e9dito, mas a realidade \u00e9 completamente outra. Se houver de fato mais facilidade para acessar o cr\u00e9dito com a aprova\u00e7\u00e3o dessa lei, da mesma forma esse cr\u00e9dito ser\u00e1 muito mais caro, os juros disparar\u00e3o. E teremos, por tanto, muito mais dificuldade em vermos os cidad\u00e3os mais pobres, que mais necessitam desse cr\u00e9dito, se recuperarem ap\u00f3s esse per\u00edodo de crise, de pandemia\u201d, argumentou.<\/p>\n\n\n\n<p>O relator da proposta rebateu a cr\u00edtica e afirmou que \u00e9 preciso ter sensibilidade neste per\u00edodo de calamidade.&nbsp; Segundo Lemos, a economia brasileira \u201cest\u00e1 paralisada, amargando in\u00fameras perdas em fun\u00e7\u00e3o da restri\u00e7\u00e3o de circula\u00e7\u00e3o de pessoas por meio de isolamento e quarentenas\u201d.<\/p>\n\n\n\n<p>\u201cAlgumas pessoas falaram de aumento de juros. Isso n\u00e3o tem nada a ver. A quest\u00e3o \u00e9 garantir que o bom pagador n\u00e3o se torne mau pagador e aquele que esteja em situa\u00e7\u00e3o dif\u00edcil tenha acesso ao cr\u00e9dito para cumprir seus compromissos, inclusive com a folha e com seus fornecedores\u201d, explicou<\/p>\n","protected":false},"excerpt":{"rendered":"<p>O plen\u00e1rio da C\u00e2mara dos Deputados aprovou hoje (9) um projeto de lei que suspende por 90 dias a inclus\u00e3o de novos inscritos em servi\u00e7os&hellip; <\/p>\n","protected":false},"author":2,"featured_media":163178,"comment_status":"closed","ping_status":"closed","sticky":false,"template":"","format":"standard","meta":{"sfsi_plus_gutenberg_text_before_share":"","sfsi_plus_gutenberg_show_text_before_share":"","sfsi_plus_gutenberg_icon_type":"","sfsi_plus_gutenberg_icon_alignemt":"","sfsi_plus_gutenburg_max_per_row":"","footnotes":""},"categories":[2],"tags":[],"class_list":["post-163177","post","type-post","status-publish","format-standard","has-post-thumbnail","hentry","category-geral"],"_links":{"self":[{"href":"https:\/\/www.caririemacao.com\/1\/wp-json\/wp\/v2\/posts\/163177","targetHints":{"allow":["GET"]}}],"collection":[{"href":"https:\/\/www.caririemacao.com\/1\/wp-json\/wp\/v2\/posts"}],"about":[{"href":"https:\/\/www.caririemacao.com\/1\/wp-json\/wp\/v2\/types\/post"}],"author":[{"embeddable":true,"href":"https:\/\/www.caririemacao.com\/1\/wp-json\/wp\/v2\/users\/2"}],"replies":[{"embeddable":true,"href":"https:\/\/www.caririemacao.com\/1\/wp-json\/wp\/v2\/comments?post=163177"}],"version-history":[{"count":1,"href":"https:\/\/www.caririemacao.com\/1\/wp-json\/wp\/v2\/posts\/163177\/revisions"}],"predecessor-version":[{"id":163179,"href":"https:\/\/www.caririemacao.com\/1\/wp-json\/wp\/v2\/posts\/163177\/revisions\/163179"}],"wp:featuredmedia":[{"embeddable":true,"href":"https:\/\/www.caririemacao.com\/1\/wp-json\/wp\/v2\/media\/163178"}],"wp:attachment":[{"href":"https:\/\/www.caririemacao.com\/1\/wp-json\/wp\/v2\/media?parent=163177"}],"wp:term":[{"taxonomy":"category","embeddable":true,"href":"https:\/\/www.caririemacao.com\/1\/wp-json\/wp\/v2\/categories?post=163177"},{"taxonomy":"post_tag","embeddable":true,"href":"https:\/\/www.caririemacao.com\/1\/wp-json\/wp\/v2\/tags?post=163177"}],"curies":[{"name":"wp","href":"https:\/\/api.w.org\/{rel}","templated":true}]}}