{"id":163181,"date":"2020-04-10T10:29:18","date_gmt":"2020-04-10T13:29:18","guid":{"rendered":"http:\/\/www.caririemacao.com\/1\/?p=163181"},"modified":"2020-04-10T10:30:53","modified_gmt":"2020-04-10T13:30:53","slug":"inscrito-no-cadunico-pode-ter-automaticamente-tarifa-social-de-energia","status":"publish","type":"post","link":"https:\/\/www.caririemacao.com\/1\/2020\/04\/10\/inscrito-no-cadunico-pode-ter-automaticamente-tarifa-social-de-energia\/","title":{"rendered":"Inscrito no Cad\u00danico pode ter automaticamente tarifa social de energia"},"content":{"rendered":"\n<div class=\"wp-block-group is-layout-flow wp-block-group-is-layout-flow\"><div class=\"wp-block-group__inner-container\"><\/div><\/div>\n\n\n\n<p>A C\u00e2mara dos Deputados aprovou nesta quinta-feira (9), em sess\u00e3o remota, o Projeto de Lei 1106\/20 que determina que as empresas de distribui\u00e7\u00e3o de energia el\u00e9trica (concession\u00e1rias, permission\u00e1rias e autorizadas) dever\u00e3o inscrever automaticamente na lista de benefici\u00e1rios da Tarifa Social de Energia El\u00e9trica (TSEE) quem est\u00e1 registrado no Cadastro \u00danico (Cad\u00fanico). O banco de dados&nbsp;re\u00fane os benefici\u00e1rios de programas sociais como o Bolsa Fam\u00edlia e o Benef\u00edcio da Presta\u00e7\u00e3o Continuada (BPC).<\/p>\n\n\n\n<p>Segundo o autor da proposta, deputado Andr\u00e9 Ferreira (PSC-PE), hoje, a Lei 12.212\/10, que trata da tarifa social, prev\u00ea que o governo e as concession\u00e1rias devem informar as fam\u00edlias inscritas no Cad\u00danico sobre o direito a at\u00e9 65% desconto na conta de luz. A falha, para Ferreira, \u00e9 que n\u00e3o h\u00e1 a obriga\u00e7\u00e3o de inclu\u00ed-las automaticamente na lista de benefici\u00e1rios da tarifa social. Para terem o benef\u00edcio, as fam\u00edlias precisam procurar a distribuidora. O texto segue para aprecia\u00e7\u00e3o do Senado Federal.<\/p>\n\n\n\n<h2 class=\"wp-block-heading\">Santas Casas<\/h2>\n\n\n\n<p>A primeira proposta aprovada nesta quinta-feira (9) pelos deputados \u00e9 a que&nbsp;<a href=\"https:\/\/agenciabrasil.ebc.com.br\/politica\/noticia\/2020-04\/auxilio-de-r-2-bi-santas-casas-vai-sancao-presidencial\" target=\"_blank\" rel=\"noreferrer noopener\">destina R$ 2 bi para as Santas Casas<\/a>&nbsp;e hospitais sem fins lucrativos (filantr\u00f3picos).Os recursos ser\u00e3o destinados \u00e0 a\u00e7\u00e3o coordenada com o Minist\u00e9rio da Sa\u00fade e gestores estaduais e municipais do Sistema \u00danico de Sa\u00fade (SUS) no combate \u00e0 pandemia de covid-19. Para sair do papel a medida s\u00f3 depende agora da san\u00e7\u00e3o presidencial.<\/p>\n\n\n\n<p>J\u00e1 a ajuda emergencial de socorro aos estados, durante a pandemia do novo coronav\u00edrus, continua sem consenso e foi adiada para a pr\u00f3xima segunda-feira (13).<\/p>\n","protected":false},"excerpt":{"rendered":"<p>A C\u00e2mara dos Deputados aprovou nesta quinta-feira (9), em sess\u00e3o remota, o Projeto de Lei 1106\/20 que determina que as empresas de distribui\u00e7\u00e3o de energia&hellip; <\/p>\n","protected":false},"author":2,"featured_media":163182,"comment_status":"closed","ping_status":"closed","sticky":false,"template":"","format":"standard","meta":{"sfsi_plus_gutenberg_text_before_share":"","sfsi_plus_gutenberg_show_text_before_share":"","sfsi_plus_gutenberg_icon_type":"","sfsi_plus_gutenberg_icon_alignemt":"","sfsi_plus_gutenburg_max_per_row":"","footnotes":""},"categories":[2],"tags":[],"class_list":["post-163181","post","type-post","status-publish","format-standard","has-post-thumbnail","hentry","category-geral"],"_links":{"self":[{"href":"https:\/\/www.caririemacao.com\/1\/wp-json\/wp\/v2\/posts\/163181","targetHints":{"allow":["GET"]}}],"collection":[{"href":"https:\/\/www.caririemacao.com\/1\/wp-json\/wp\/v2\/posts"}],"about":[{"href":"https:\/\/www.caririemacao.com\/1\/wp-json\/wp\/v2\/types\/post"}],"author":[{"embeddable":true,"href":"https:\/\/www.caririemacao.com\/1\/wp-json\/wp\/v2\/users\/2"}],"replies":[{"embeddable":true,"href":"https:\/\/www.caririemacao.com\/1\/wp-json\/wp\/v2\/comments?post=163181"}],"version-history":[{"count":2,"href":"https:\/\/www.caririemacao.com\/1\/wp-json\/wp\/v2\/posts\/163181\/revisions"}],"predecessor-version":[{"id":163184,"href":"https:\/\/www.caririemacao.com\/1\/wp-json\/wp\/v2\/posts\/163181\/revisions\/163184"}],"wp:featuredmedia":[{"embeddable":true,"href":"https:\/\/www.caririemacao.com\/1\/wp-json\/wp\/v2\/media\/163182"}],"wp:attachment":[{"href":"https:\/\/www.caririemacao.com\/1\/wp-json\/wp\/v2\/media?parent=163181"}],"wp:term":[{"taxonomy":"category","embeddable":true,"href":"https:\/\/www.caririemacao.com\/1\/wp-json\/wp\/v2\/categories?post=163181"},{"taxonomy":"post_tag","embeddable":true,"href":"https:\/\/www.caririemacao.com\/1\/wp-json\/wp\/v2\/tags?post=163181"}],"curies":[{"name":"wp","href":"https:\/\/api.w.org\/{rel}","templated":true}]}}