{"id":163186,"date":"2020-04-10T10:32:26","date_gmt":"2020-04-10T13:32:26","guid":{"rendered":"http:\/\/www.caririemacao.com\/1\/?p=163186"},"modified":"2020-04-10T10:32:29","modified_gmt":"2020-04-10T13:32:29","slug":"agencia-brasil-explica-saiba-como-fazer-o-cadunico","status":"publish","type":"post","link":"https:\/\/www.caririemacao.com\/1\/2020\/04\/10\/agencia-brasil-explica-saiba-como-fazer-o-cadunico\/","title":{"rendered":"Ag\u00eancia Brasil explica: saiba como fazer o Cad\u00danico"},"content":{"rendered":"\n<p>Criado para integrar, catalogar e selecionar fam\u00edlias brasileiras em situa\u00e7\u00e3o de pobreza ou pobreza extrema, o Cadastro \u00danico para Programas Sociais do Governo Federal (Cad\u00danico) foi institu\u00eddo em 2001, e \u00e9 a porta de entrada para todos os benef\u00edcios sociais p\u00fablicos dispon\u00edveis no Brasil.<\/p>\n\n\n\n<p>Com as informa\u00e7\u00f5es coletadas pelo Cad\u00danico, o governo federal pode tra\u00e7ar um mapa de a\u00e7\u00f5es voltadas \u00e0 melhoria da qualidade de vida de fam\u00edlias que vivem com pouca ou nenhuma renda mensal. Ele \u00e9 obrigat\u00f3rio para quem deseja participar de iniciativas de assist\u00eancia social. A Caixa Econ\u00f4mica Federal \u00e9 respons\u00e1vel por manter o cadastro, e cabe ao Minist\u00e9rio da Cidadania gerir as informa\u00e7\u00f5es.<\/p>\n\n\n\n<p>A&nbsp;<em>Ag\u00eancia Brasil Explica<\/em>&nbsp;desta semana mostra, passo a passo, como fazer o Cad\u00danico, como atualiz\u00e1-lo e, se for o caso, como se recadastrar. Confira:<\/p>\n\n\n\n<figure class=\"wp-block-image\"><img decoding=\"async\" data-src=\"https:\/\/imagens.ebc.com.br\/pCDqgexwosAu9jdP-WwOybUaudg=\/754x0\/smart\/https:\/\/agenciabrasil.ebc.com.br\/sites\/default\/files\/thumbnails\/image\/2019_infografico_agbr_explica_cadunico_1.png?itok=BgheKhCV\" alt=\"2019_infografico_agbr_explica_cadunico_1\" src=\"data:image\/svg+xml;base64,PHN2ZyB3aWR0aD0iMSIgaGVpZ2h0PSIxIiB4bWxucz0iaHR0cDovL3d3dy53My5vcmcvMjAwMC9zdmciPjwvc3ZnPg==\" class=\"lazyload\" \/><\/figure>\n\n\n\n<h6 class=\"wp-block-heading\"><strong>Arte EBC<\/strong><\/h6>\n\n\n\n<p>O Cad\u00danico tamb\u00e9m \u00e9 importante para programas estaduais e municipais, que podem exigir a documenta\u00e7\u00e3o para benef\u00edcios de programas locais. Pessoas que foram v\u00edtimas de desastres, como o rompimento das barragens de Brumadinho e Mariana, tamb\u00e9m devem fazer o cadastro para ter acesso a fundos de emerg\u00eancia para a popula\u00e7\u00e3o. &nbsp;<\/p>\n\n\n\n<p>Estados e munic\u00edpios que t\u00eam programas sociais pr\u00f3prios tamb\u00e9m podem solicitar o Cad\u00danico. Fam\u00edlias que ainda n\u00e3o foram cadastradas podem procurar um Centro de Refer\u00eancia em Assist\u00eancia Social (Cras) para fazer parte da lista. Veja os documentos necess\u00e1rios:<\/p>\n\n\n\n<figure class=\"wp-block-image\"><img decoding=\"async\" data-src=\"https:\/\/imagens.ebc.com.br\/JGlxiEcCCz7en4yRM71MqDAOtZQ=\/754x0\/smart\/https:\/\/agenciabrasil.ebc.com.br\/sites\/default\/files\/thumbnails\/image\/2019_infografico_agbr_explica_cadunico_2.png?itok=UlYBwC9W\" alt=\"2019_infografico_agbr_explica_cadunico_2\" src=\"data:image\/svg+xml;base64,PHN2ZyB3aWR0aD0iMSIgaGVpZ2h0PSIxIiB4bWxucz0iaHR0cDovL3d3dy53My5vcmcvMjAwMC9zdmciPjwvc3ZnPg==\" class=\"lazyload\" \/><\/figure>\n\n\n\n<h6 class=\"wp-block-heading\"><strong>Arte EBC<\/strong><\/h6>\n\n\n\n<p>Devidamente registrado no sistema, o Cad\u00danico abre as portas para a inscri\u00e7\u00e3o em processos seletivos de programas sociais. \u00c9 importante lembrar que ter o Cad\u00danico n\u00e3o \u00e9 garantia de participa\u00e7\u00e3o. Caso seja selecionado, \u00e9 importante lembrar de manter o cadastro sempre atualizado. Caso contr\u00e1rio, o recebimento do benef\u00edcio pode ser interrompido. Mudan\u00e7as de endere\u00e7o da fam\u00edlia toda ou apenas de alguns membros devem ser comunicadas, assim como mudan\u00e7as na renda ou novos v\u00ednculos trabalhistas.<\/p>\n","protected":false},"excerpt":{"rendered":"<p>Criado para integrar, catalogar e selecionar fam\u00edlias brasileiras em situa\u00e7\u00e3o de pobreza ou pobreza extrema, o Cadastro \u00danico para Programas Sociais do Governo Federal (Cad\u00danico)&hellip; <\/p>\n","protected":false},"author":2,"featured_media":163187,"comment_status":"closed","ping_status":"closed","sticky":false,"template":"","format":"standard","meta":{"sfsi_plus_gutenberg_text_before_share":"","sfsi_plus_gutenberg_show_text_before_share":"","sfsi_plus_gutenberg_icon_type":"","sfsi_plus_gutenberg_icon_alignemt":"","sfsi_plus_gutenburg_max_per_row":"","footnotes":""},"categories":[2],"tags":[],"class_list":["post-163186","post","type-post","status-publish","format-standard","has-post-thumbnail","hentry","category-geral"],"_links":{"self":[{"href":"https:\/\/www.caririemacao.com\/1\/wp-json\/wp\/v2\/posts\/163186","targetHints":{"allow":["GET"]}}],"collection":[{"href":"https:\/\/www.caririemacao.com\/1\/wp-json\/wp\/v2\/posts"}],"about":[{"href":"https:\/\/www.caririemacao.com\/1\/wp-json\/wp\/v2\/types\/post"}],"author":[{"embeddable":true,"href":"https:\/\/www.caririemacao.com\/1\/wp-json\/wp\/v2\/users\/2"}],"replies":[{"embeddable":true,"href":"https:\/\/www.caririemacao.com\/1\/wp-json\/wp\/v2\/comments?post=163186"}],"version-history":[{"count":1,"href":"https:\/\/www.caririemacao.com\/1\/wp-json\/wp\/v2\/posts\/163186\/revisions"}],"predecessor-version":[{"id":163188,"href":"https:\/\/www.caririemacao.com\/1\/wp-json\/wp\/v2\/posts\/163186\/revisions\/163188"}],"wp:featuredmedia":[{"embeddable":true,"href":"https:\/\/www.caririemacao.com\/1\/wp-json\/wp\/v2\/media\/163187"}],"wp:attachment":[{"href":"https:\/\/www.caririemacao.com\/1\/wp-json\/wp\/v2\/media?parent=163186"}],"wp:term":[{"taxonomy":"category","embeddable":true,"href":"https:\/\/www.caririemacao.com\/1\/wp-json\/wp\/v2\/categories?post=163186"},{"taxonomy":"post_tag","embeddable":true,"href":"https:\/\/www.caririemacao.com\/1\/wp-json\/wp\/v2\/tags?post=163186"}],"curies":[{"name":"wp","href":"https:\/\/api.w.org\/{rel}","templated":true}]}}