{"id":163195,"date":"2020-04-10T10:40:10","date_gmt":"2020-04-10T13:40:10","guid":{"rendered":"http:\/\/www.caririemacao.com\/1\/?p=163195"},"modified":"2020-04-10T10:40:12","modified_gmt":"2020-04-10T13:40:12","slug":"governo-transfere-pis-pasep-para-o-fgts-e-permite-saque-de-r-1-045","status":"publish","type":"post","link":"https:\/\/www.caririemacao.com\/1\/2020\/04\/10\/governo-transfere-pis-pasep-para-o-fgts-e-permite-saque-de-r-1-045\/","title":{"rendered":"Governo transfere PIS\/Pasep para o FGTS e permite saque de R$ 1.045"},"content":{"rendered":"\n<p>O governo extinguiu o fundo PIS-Pasep e autorizou o saque tempor\u00e1rio de at\u00e9 R$ 1.045&nbsp;do Fundo de Garantia do Tempo de Servi\u00e7o (FGTS). A Medida Provis\u00f3ria n\u00b0 946foi publicada no&nbsp;<em><a href=\"http:\/\/www.in.gov.br\/en\/web\/dou\/-\/medida-provisoria-n-946-de-7-de-abril-de-2020-251562794\" target=\"_blank\" rel=\"noreferrer noopener\">Di\u00e1rio Oficial da Uni\u00e3o<\/a><\/em>&nbsp;em edi\u00e7\u00e3o extraordin\u00e1ria na noite dessa ter\u00e7a-feira (7).<\/p>\n\n\n\n<p>Ao extinguir o Fundo dos programas de Integra\u00e7\u00e3o Social (PIS) e de Forma\u00e7\u00e3o do Patrim\u00f4nio do Servidor P\u00fablico (Pasep), o governo transferiu o seu patrim\u00f4nio para o FGTS. A extin\u00e7\u00e3o ser\u00e1 a partir do dia 31 de maio de 2020.<\/p>\n\n\n\n<p>No \u00faltimo dia 3, o governo antecipou em um m\u00eas o prazo final de saque do&nbsp;<a href=\"https:\/\/agenciabrasil.ebc.com.br\/economia\/noticia\/2020-04\/governo-antecipa-prazo-final-de-saque-do-abono-do-pis-pasep\" target=\"_blank\" rel=\"noreferrer noopener\">abono salarial 2019\/2020<\/a>. Inicialmente, esse prazo era 30 de junho e passou a ser 29 de maio deste ano.<\/p>\n\n\n\n<p>A MP diz que \u201cfica preservado o patrim\u00f4nio acumulado nas contas individuais dos participantes do Fundo PIS-Pasep\u201d. E diz que ser\u00e1 permitido o saque das contas vinculadas individuais de origem PIS ou Pasep mantidas em nome do trabalhador.<\/p>\n\n\n\n<p>O agente operador do FGTS, a Caixa Econ\u00f4mica Federal, \u201ccadastrar\u00e1 as contas vinculadas de titularidade dos participantes do Fundo PIS-Pasep necess\u00e1rias ao recebimento e \u00e0 individualiza\u00e7\u00e3o dos valores transferidos, devidamente marcadas com identificador de origem PIS ou Pasep, e definir\u00e1 os padr\u00f5es e os demais procedimentos operacionais para a transfer\u00eancia das informa\u00e7\u00f5es cadastrais e financeiras\u201d.<\/p>\n\n\n\n<p>As contas vinculadas individuais dos participantes do Fundo PIS-Pasep, mantidas pelo FGTS ap\u00f3s a transfer\u00eancia, passam a ser remuneradas pelos mesmos crit\u00e9rios aplic\u00e1veis \u00e0s contas vinculadas do FGTS. As contas poder\u00e3o ser livremente movimentadas, a qualquer tempo.<\/p>\n\n\n\n<p>A MP tamb\u00e9m estabelece que os recursos remanescentes nas contas n\u00e3o sacados ser\u00e3o tidos por abandonados a partir de 1\u00ba de junho de 2025 e passar\u00e3o a ser propriedade da Uni\u00e3o.<\/p>\n\n\n\n<h2 class=\"wp-block-heading\">Saque tempor\u00e1rio do FGTS<\/h2>\n\n\n\n<p>A MP diz ainda que fica dispon\u00edvel, aos titulares de conta vinculada do FGTS, a partir de 15 de junho de 2020 e at\u00e9 31 de dezembro de 2020 o saque de recursos at\u00e9 o limite de R$ 1.045&nbsp;(um sal\u00e1rio m\u00ednimo) por trabalhador. Segundo a MP, esse saque foi autorizado em raz\u00e3o do enfrentamento do estado de calamidade p\u00fablica e da emerg\u00eancia de sa\u00fade de import\u00e2ncia internacional decorrente da pandemia de coronav\u00edrus (covid-19),<\/p>\n\n\n\n<p>Caso o titular tenha mais de uma conta vinculada, o saque ser\u00e1 feito na seguinte ordem: contas vinculadas relativas a contratos de trabalho extintos, com in\u00edcio pela conta que tiver o menor saldo; e demais contas vinculadas, com in\u00edcio pela conta que tiver o menor saldo.<\/p>\n\n\n\n<p>Segundo a MP, os saques ser\u00e3o efetuados conforme cronograma de atendimento, crit\u00e9rios e forma estabelecidos pela Caixa Econ\u00f4mica Federal, permitido o cr\u00e9dito autom\u00e1tico para conta de dep\u00f3sitos de poupan\u00e7a de titularidade do trabalhador previamente aberta na nessa institui\u00e7\u00e3o financeira, desde que o trabalhador n\u00e3o se manifeste negativamente, ou o cr\u00e9dito em conta banc\u00e1ria de qualquer institui\u00e7\u00e3o financeira, indicada pelo trabalhador, desde que seja de sua titularidade.<\/p>\n\n\n\n<p>A MP diz ainda que o trabalhador poder\u00e1, na hip\u00f3tese do cr\u00e9dito autom\u00e1tico, at\u00e9 30 de agosto de 2020, solicitar o desfazimento do cr\u00e9dito.<\/p>\n","protected":false},"excerpt":{"rendered":"<p>O governo extinguiu o fundo PIS-Pasep e autorizou o saque tempor\u00e1rio de at\u00e9 R$ 1.045&nbsp;do Fundo de Garantia do Tempo de Servi\u00e7o (FGTS). A Medida&hellip; <\/p>\n","protected":false},"author":2,"featured_media":163197,"comment_status":"closed","ping_status":"closed","sticky":false,"template":"","format":"standard","meta":{"sfsi_plus_gutenberg_text_before_share":"","sfsi_plus_gutenberg_show_text_before_share":"","sfsi_plus_gutenberg_icon_type":"","sfsi_plus_gutenberg_icon_alignemt":"","sfsi_plus_gutenburg_max_per_row":"","footnotes":""},"categories":[2],"tags":[],"class_list":["post-163195","post","type-post","status-publish","format-standard","has-post-thumbnail","hentry","category-geral"],"_links":{"self":[{"href":"https:\/\/www.caririemacao.com\/1\/wp-json\/wp\/v2\/posts\/163195","targetHints":{"allow":["GET"]}}],"collection":[{"href":"https:\/\/www.caririemacao.com\/1\/wp-json\/wp\/v2\/posts"}],"about":[{"href":"https:\/\/www.caririemacao.com\/1\/wp-json\/wp\/v2\/types\/post"}],"author":[{"embeddable":true,"href":"https:\/\/www.caririemacao.com\/1\/wp-json\/wp\/v2\/users\/2"}],"replies":[{"embeddable":true,"href":"https:\/\/www.caririemacao.com\/1\/wp-json\/wp\/v2\/comments?post=163195"}],"version-history":[{"count":1,"href":"https:\/\/www.caririemacao.com\/1\/wp-json\/wp\/v2\/posts\/163195\/revisions"}],"predecessor-version":[{"id":163198,"href":"https:\/\/www.caririemacao.com\/1\/wp-json\/wp\/v2\/posts\/163195\/revisions\/163198"}],"wp:featuredmedia":[{"embeddable":true,"href":"https:\/\/www.caririemacao.com\/1\/wp-json\/wp\/v2\/media\/163197"}],"wp:attachment":[{"href":"https:\/\/www.caririemacao.com\/1\/wp-json\/wp\/v2\/media?parent=163195"}],"wp:term":[{"taxonomy":"category","embeddable":true,"href":"https:\/\/www.caririemacao.com\/1\/wp-json\/wp\/v2\/categories?post=163195"},{"taxonomy":"post_tag","embeddable":true,"href":"https:\/\/www.caririemacao.com\/1\/wp-json\/wp\/v2\/tags?post=163195"}],"curies":[{"name":"wp","href":"https:\/\/api.w.org\/{rel}","templated":true}]}}