{"id":163199,"date":"2020-04-10T10:41:47","date_gmt":"2020-04-10T13:41:47","guid":{"rendered":"http:\/\/www.caririemacao.com\/1\/?p=163199"},"modified":"2020-04-10T10:41:49","modified_gmt":"2020-04-10T13:41:49","slug":"pesquisa-mostra-populacao-entre-10-e-40-anos-vulneravel-ao-sarampo","status":"publish","type":"post","link":"https:\/\/www.caririemacao.com\/1\/2020\/04\/10\/pesquisa-mostra-populacao-entre-10-e-40-anos-vulneravel-ao-sarampo\/","title":{"rendered":"Pesquisa mostra popula\u00e7\u00e3o entre 10 e 40 anos vulner\u00e1vel ao sarampo"},"content":{"rendered":"\n<p>Pesquisa realizada com a popula\u00e7\u00e3o de S\u00e3o Jos\u00e9 do Rio Preto, interior paulista, mostrou que enquanto 32,9% das pessoas entre 10 e 40 anos n\u00e3o t\u00eam imunidade contra o sarampo, a presen\u00e7a de anticorpos no grupo com mais de 50 anos chega a 99%. Apoiado pela Funda\u00e7\u00e3o de Amparo \u00e0 Pesquisa do Estado de S\u00e3o Paulo (Fapesp), o estudo testou 981 pessoas, de v\u00e1rias faixas et\u00e1rias.<\/p>\n\n\n\n<p>Considerando o total dos indiv\u00edduos que foram vacinados contra rub\u00e9ola e caxumba, 39,3% n\u00e3o apresentavam imunidade contra a sarampo e 20,2% n\u00e3o apresentavam imunidade para rub\u00e9ola. Para o coordenador da pesquisa Maur\u00edcio Lacerda Nogueira, professor da Faculdade de Medicina de S\u00e3o Jos\u00e9 do Rio Preto (Famerp) e ex-presidente da Sociedade Brasileira de Virologia, esses percentuais s\u00e3o suficientes para proteger a popula\u00e7\u00e3o da rub\u00e9ola, mas n\u00e3o do sarampo. A vacina combinada contra sarampo, rub\u00e9ola e caxumba integra o cronograma nacional de vacina\u00e7\u00e3o no pa\u00eds.<\/p>\n\n\n\n<p>\u201cO principal achado do trabalho \u00e9 que voc\u00ea tem uma faixa da popula\u00e7\u00e3o que est\u00e1 descoberta para vacina\u00e7\u00e3o, uma popula\u00e7\u00e3o que est\u00e1 suscet\u00edvel, isso \u00e9 o grande respons\u00e1vel por exemplo da epidemia de sarampo que n\u00f3s tivemos no ano passado. Ou seja, uma grande faixa et\u00e1ria abaixo de 40 anos est\u00e1 suscet\u00edvel e \u00e9 capaz de sustentar uma transmiss\u00e3o de sarampo dentro dessa popula\u00e7\u00e3o\u201d, disse o pesquisador.<\/p>\n\n\n\n<p>O principal problema desses percentuais \u00e9 que isso permite a transmiss\u00e3o do sarampo na popula\u00e7\u00e3o. \u201cE mais, uma transmiss\u00e3o sustentada vai permitir que o v\u00edrus chegue em uma faixa et\u00e1ria, por exemplo, em que as crian\u00e7as ainda n\u00e3o est\u00e3o vacinadas. Ent\u00e3o \u00e9 perigoso voc\u00ea deixar uma doen\u00e7a transmitida por via a\u00e9rea e que \u00e9 passiva de vacina\u00e7\u00e3o em um estado t\u00e3o vulner\u00e1vel\u201d, disse.<\/p>\n\n\n\n<p>O estudo sugere, segundo Nogueira, que h\u00e1 uma correla\u00e7\u00e3o entre a cria\u00e7\u00e3o de anticorpos, a vacina\u00e7\u00e3o e a exposi\u00e7\u00e3o do indiv\u00edduo ao v\u00edrus. Os indiv\u00edduos com mais de 50 anos, que tiveram exposi\u00e7\u00e3o ao v\u00edrus ao longo da vida, tiveram um percentual de imunidade maior do que os mais jovens, mesmo vacinados.<\/p>\n\n\n\n<p>\u201cN\u00f3s podemos dizer que existe um grupo de pessoas que n\u00e3o est\u00e1 vacinando e n\u00f3s acreditamos tamb\u00e9m que tem tido uma falta do booster [refor\u00e7o] natural, ou seja, quando o v\u00edrus circulava naturalmente, ele tamb\u00e9m acabava fazendo um boost [impulso], fazendo essa imunidade permanecer. Uma parte dessa popula\u00e7\u00e3o est\u00e1 vacinando, mas com o tempo est\u00e1 perdendo os anticorpos detect\u00e1veis\u201d, concluiu.<\/p>\n\n\n\n<p>Os dados revelados pela pesquisa n\u00e3o s\u00e3o resultado apenas da falta de vacina\u00e7\u00e3o e essa taxa de aus\u00eancia de anticorpos precisa ser investigada, segundo Nogueira. No entanto, ele ressalta que a vacina\u00e7\u00e3o, n\u00e3o s\u00f3 em crian\u00e7as, mas tamb\u00e9m em adultos,&nbsp;\u00e9 um grande recurso para combater essa baixa imunidade que as pessoas t\u00eam contra o sarampo e que n\u00e3o pode ser descartada.<\/p>\n\n\n\n<p>\u201cA a\u00e7\u00e3o principal \u00e9 vacina\u00e7\u00e3o, n\u00f3s temos vacina, n\u00f3s temos uma vacina eficiente, pelo menos pelos dados que a gente tem. Ent\u00e3o \u00e9 fundamental que essa cobertura vacinal suba para mais de 95%\u201d, avaliou.<\/p>\n","protected":false},"excerpt":{"rendered":"<p>Pesquisa realizada com a popula\u00e7\u00e3o de S\u00e3o Jos\u00e9 do Rio Preto, interior paulista, mostrou que enquanto 32,9% das pessoas entre 10 e 40 anos n\u00e3o&hellip; <\/p>\n","protected":false},"author":2,"featured_media":163200,"comment_status":"closed","ping_status":"closed","sticky":false,"template":"","format":"standard","meta":{"sfsi_plus_gutenberg_text_before_share":"","sfsi_plus_gutenberg_show_text_before_share":"","sfsi_plus_gutenberg_icon_type":"","sfsi_plus_gutenberg_icon_alignemt":"","sfsi_plus_gutenburg_max_per_row":"","footnotes":""},"categories":[2],"tags":[],"class_list":["post-163199","post","type-post","status-publish","format-standard","has-post-thumbnail","hentry","category-geral"],"_links":{"self":[{"href":"https:\/\/www.caririemacao.com\/1\/wp-json\/wp\/v2\/posts\/163199","targetHints":{"allow":["GET"]}}],"collection":[{"href":"https:\/\/www.caririemacao.com\/1\/wp-json\/wp\/v2\/posts"}],"about":[{"href":"https:\/\/www.caririemacao.com\/1\/wp-json\/wp\/v2\/types\/post"}],"author":[{"embeddable":true,"href":"https:\/\/www.caririemacao.com\/1\/wp-json\/wp\/v2\/users\/2"}],"replies":[{"embeddable":true,"href":"https:\/\/www.caririemacao.com\/1\/wp-json\/wp\/v2\/comments?post=163199"}],"version-history":[{"count":1,"href":"https:\/\/www.caririemacao.com\/1\/wp-json\/wp\/v2\/posts\/163199\/revisions"}],"predecessor-version":[{"id":163201,"href":"https:\/\/www.caririemacao.com\/1\/wp-json\/wp\/v2\/posts\/163199\/revisions\/163201"}],"wp:featuredmedia":[{"embeddable":true,"href":"https:\/\/www.caririemacao.com\/1\/wp-json\/wp\/v2\/media\/163200"}],"wp:attachment":[{"href":"https:\/\/www.caririemacao.com\/1\/wp-json\/wp\/v2\/media?parent=163199"}],"wp:term":[{"taxonomy":"category","embeddable":true,"href":"https:\/\/www.caririemacao.com\/1\/wp-json\/wp\/v2\/categories?post=163199"},{"taxonomy":"post_tag","embeddable":true,"href":"https:\/\/www.caririemacao.com\/1\/wp-json\/wp\/v2\/tags?post=163199"}],"curies":[{"name":"wp","href":"https:\/\/api.w.org\/{rel}","templated":true}]}}