{"id":163207,"date":"2020-04-11T07:07:54","date_gmt":"2020-04-11T10:07:54","guid":{"rendered":"http:\/\/www.caririemacao.com\/1\/?p=163207"},"modified":"2020-04-11T07:07:56","modified_gmt":"2020-04-11T10:07:56","slug":"prefeitura-de-camalau-distribui-peixes-frutas-e-verduras-para-familias-carentes","status":"publish","type":"post","link":"https:\/\/www.caririemacao.com\/1\/2020\/04\/11\/prefeitura-de-camalau-distribui-peixes-frutas-e-verduras-para-familias-carentes\/","title":{"rendered":"Prefeitura de Camala\u00fa distribui peixes,  frutas e verduras para fam\u00edlias carentes"},"content":{"rendered":"\n<p>O Governo Municipal de Camala\u00fa, atrav\u00e9s da Secretaria de Trabalho e A\u00e7\u00e3o Social e em parceria com a Cohab e Col\u00f4nia de Pescadores, distribuiu na ter\u00e7a, quarta e quinta desta semana, peixes, frutas e verduras, para os benefici\u00e1rios do Bolsa Fam\u00edlias. <\/p>\n\n\n\n<p>A distribui\u00e7\u00e3o ocorreu de forma tranquila e segura. Na ter\u00e7a-feira aconteceu no distrito Pindur\u00e3o. J\u00e1 na quarta-feira e quinta, foi para os benefici\u00e1rios da zona urbana e rural. <\/p>\n\n\n\n<p>Lembrando, que o governo municipal, ainda far\u00e1 a distribui\u00e7\u00e3o de cestas b\u00e1sicas para pessoas carentes que estejam passando por dificuldade.<\/p>\n","protected":false},"excerpt":{"rendered":"<p>O Governo Municipal de Camala\u00fa, atrav\u00e9s da Secretaria de Trabalho e A\u00e7\u00e3o Social e em parceria com a Cohab e Col\u00f4nia de Pescadores, distribuiu na&hellip; <\/p>\n","protected":false},"author":1,"featured_media":163208,"comment_status":"closed","ping_status":"closed","sticky":false,"template":"","format":"standard","meta":{"sfsi_plus_gutenberg_text_before_share":"","sfsi_plus_gutenberg_show_text_before_share":"","sfsi_plus_gutenberg_icon_type":"","sfsi_plus_gutenberg_icon_alignemt":"","sfsi_plus_gutenburg_max_per_row":"","footnotes":""},"categories":[6,50],"tags":[],"class_list":["post-163207","post","type-post","status-publish","format-standard","has-post-thumbnail","hentry","category-cidades","category-destaque"],"_links":{"self":[{"href":"https:\/\/www.caririemacao.com\/1\/wp-json\/wp\/v2\/posts\/163207","targetHints":{"allow":["GET"]}}],"collection":[{"href":"https:\/\/www.caririemacao.com\/1\/wp-json\/wp\/v2\/posts"}],"about":[{"href":"https:\/\/www.caririemacao.com\/1\/wp-json\/wp\/v2\/types\/post"}],"author":[{"embeddable":true,"href":"https:\/\/www.caririemacao.com\/1\/wp-json\/wp\/v2\/users\/1"}],"replies":[{"embeddable":true,"href":"https:\/\/www.caririemacao.com\/1\/wp-json\/wp\/v2\/comments?post=163207"}],"version-history":[{"count":2,"href":"https:\/\/www.caririemacao.com\/1\/wp-json\/wp\/v2\/posts\/163207\/revisions"}],"predecessor-version":[{"id":163256,"href":"https:\/\/www.caririemacao.com\/1\/wp-json\/wp\/v2\/posts\/163207\/revisions\/163256"}],"wp:featuredmedia":[{"embeddable":true,"href":"https:\/\/www.caririemacao.com\/1\/wp-json\/wp\/v2\/media\/163208"}],"wp:attachment":[{"href":"https:\/\/www.caririemacao.com\/1\/wp-json\/wp\/v2\/media?parent=163207"}],"wp:term":[{"taxonomy":"category","embeddable":true,"href":"https:\/\/www.caririemacao.com\/1\/wp-json\/wp\/v2\/categories?post=163207"},{"taxonomy":"post_tag","embeddable":true,"href":"https:\/\/www.caririemacao.com\/1\/wp-json\/wp\/v2\/tags?post=163207"}],"curies":[{"name":"wp","href":"https:\/\/api.w.org\/{rel}","templated":true}]}}