{"id":163222,"date":"2020-04-11T06:24:49","date_gmt":"2020-04-11T09:24:49","guid":{"rendered":"http:\/\/www.caririemacao.com\/1\/?p=163222"},"modified":"2020-04-11T06:24:51","modified_gmt":"2020-04-11T09:24:51","slug":"inss-libera-recebimento-de-atestado-por-aplicativo-e-auxilio-sem-pericia","status":"publish","type":"post","link":"https:\/\/www.caririemacao.com\/1\/2020\/04\/11\/inss-libera-recebimento-de-atestado-por-aplicativo-e-auxilio-sem-pericia\/","title":{"rendered":"INSS libera recebimento de atestado por aplicativo e aux\u00edlio sem per\u00edcia"},"content":{"rendered":"\n<p>O INSS informou nesta sexta-feira que os segurados da Previd\u00eancia que precisam pedir o aux\u00edlio-doen\u00e7a podem, a partir de agora, enviar o atestado m\u00e9dico pelo aplicativo para celular Meu INSS ou pelo computador (no site\u00a0<a rel=\"noreferrer noopener\" href=\"http:\/\/meu.inss.gov.br\/\" target=\"_blank\">meu.inss.gov.br<\/a>).<\/p>\n\n\n\n<p>A an\u00e1lise do atestado sem que o candidato ao benef\u00edcio precise ir a um posto de atendimento \u00e9 uma das medidas adotadas pelo INSS durante a pandemia do novo coronav\u00edrus.<\/p>\n\n\n\n<p>A medida foi oficializada pela Portaria Conjunta 9.381, publicada na ter\u00e7a-feira (7) no Di\u00e1rio Oficial da Uni\u00e3o.<\/p>\n\n\n\n<p>Entre outras medidas, a portaria permite tamb\u00e9m a antecipa\u00e7\u00e3o de R$ 1.045 para segurados que solicitarem o aux\u00edlio-doen\u00e7a. Mas, para a libera\u00e7\u00e3o do pedido sem a realiza\u00e7\u00e3o da per\u00edcia presencial, o \u00f3rg\u00e3o ainda precisava liberar o envio do atestado pela internet.<\/p>\n\n\n\n<p>Quem j\u00e1 usa o aplicativo Meu INSS pode baixar uma atualiza\u00e7\u00e3o, que j\u00e1 est\u00e1 dispon\u00edvel. Caso n\u00e3o tenha o aplicativo, ele est\u00e1 dispon\u00edvel para os sistemas Android e iOS.<\/p>\n\n\n\n<p>O INSS tamb\u00e9m colocou em seu site oficial (<a href=\"http:\/\/inss.gov.br\/\" target=\"_blank\" rel=\"noreferrer noopener\">inss.gov.br<\/a>) um passo a passo sobre como utilizar a nova ferramenta.<\/p>\n\n\n\n<p>O segurado deve ficar atento aos procedimentos de como devem ser enviados os documentos, informados no momento do pedido.<\/p>\n\n\n\n<p>Todos os atestados ser\u00e3o submetidos \u00e0 an\u00e1lise preliminar pela Subsecretaria da Per\u00edcia M\u00e9dica Federal da Secretaria de Previd\u00eancia e pelo INSS.<\/p>\n\n\n\n<figure class=\"wp-block-image\"><img decoding=\"async\" data-src=\"https:\/\/paraibaonline.com.br\/wp-content\/uploads\/2020\/04\/Simulador-do-INSS-567x354.jpg\" alt=\"Foto: Ascom\" class=\"wp-image-848033 lazyload\" src=\"data:image\/svg+xml;base64,PHN2ZyB3aWR0aD0iMSIgaGVpZ2h0PSIxIiB4bWxucz0iaHR0cDovL3d3dy53My5vcmcvMjAwMC9zdmciPjwvc3ZnPg==\" style=\"--smush-placeholder-width: 567px; --smush-placeholder-aspect-ratio: 567\/354;\" \/><\/figure>\n\n\n\n<p>Foto: Ascom<\/p>\n\n\n\n<p>O atestado m\u00e9dico dever\u00e1 ser leg\u00edvel, sem rasuras e conter as seguintes informa\u00e7\u00f5es:<\/p>\n\n\n\n<p>-Assinatura e carimbo do m\u00e9dico, com registro do CRM (Conselho Regional de Medicina)<br>-Informa\u00e7\u00f5es sobre a doen\u00e7a ou a respectiva numera\u00e7\u00e3o da CID (Classifica\u00e7\u00e3o Internacional de Doen\u00e7as) Prazo estimado do repouso necess\u00e1rio<br>-A concess\u00e3o do aux\u00edlio-doen\u00e7a continuar\u00e1 considerando os requisitos necess\u00e1rios, como car\u00eancia, para que o segurado tenha direito ao benef\u00edcio.<\/p>\n\n\n\n<p>O benefici\u00e1rio poder\u00e1 pedir a prorroga\u00e7\u00e3o da antecipa\u00e7\u00e3o do aux\u00edlio-doen\u00e7a, com base no prazo de afastamento da atividade informado no atestado m\u00e9dico apresentado inicialmente ou mediante envio de novo atestado m\u00e9dico. No entanto, o prazo total n\u00e3o poder\u00e1 ultrapassar os tr\u00eas meses.<\/p>\n\n\n\n<p>Com o fechamento das ag\u00eancias para o combate \u00e0 propaga\u00e7\u00e3o da pandemia do novo coronav\u00edrus at\u00e9, pelo menos, 30 de abril, o INSS liberou os segurados da per\u00edcia m\u00e9dica presencial para requerer aux\u00edlio-doen\u00e7a e BPC (benef\u00edcio assistencial), transferindo esses servi\u00e7os para o Meu INSS.<\/p>\n","protected":false},"excerpt":{"rendered":"<p>O INSS informou nesta sexta-feira que os segurados da Previd\u00eancia que precisam pedir o aux\u00edlio-doen\u00e7a podem, a partir de agora, enviar o atestado m\u00e9dico pelo&hellip; <\/p>\n","protected":false},"author":2,"featured_media":162250,"comment_status":"closed","ping_status":"closed","sticky":false,"template":"","format":"standard","meta":{"sfsi_plus_gutenberg_text_before_share":"","sfsi_plus_gutenberg_show_text_before_share":"","sfsi_plus_gutenberg_icon_type":"","sfsi_plus_gutenberg_icon_alignemt":"","sfsi_plus_gutenburg_max_per_row":"","footnotes":""},"categories":[50,2],"tags":[],"class_list":["post-163222","post","type-post","status-publish","format-standard","has-post-thumbnail","hentry","category-destaque","category-geral"],"_links":{"self":[{"href":"https:\/\/www.caririemacao.com\/1\/wp-json\/wp\/v2\/posts\/163222","targetHints":{"allow":["GET"]}}],"collection":[{"href":"https:\/\/www.caririemacao.com\/1\/wp-json\/wp\/v2\/posts"}],"about":[{"href":"https:\/\/www.caririemacao.com\/1\/wp-json\/wp\/v2\/types\/post"}],"author":[{"embeddable":true,"href":"https:\/\/www.caririemacao.com\/1\/wp-json\/wp\/v2\/users\/2"}],"replies":[{"embeddable":true,"href":"https:\/\/www.caririemacao.com\/1\/wp-json\/wp\/v2\/comments?post=163222"}],"version-history":[{"count":1,"href":"https:\/\/www.caririemacao.com\/1\/wp-json\/wp\/v2\/posts\/163222\/revisions"}],"predecessor-version":[{"id":163223,"href":"https:\/\/www.caririemacao.com\/1\/wp-json\/wp\/v2\/posts\/163222\/revisions\/163223"}],"wp:featuredmedia":[{"embeddable":true,"href":"https:\/\/www.caririemacao.com\/1\/wp-json\/wp\/v2\/media\/162250"}],"wp:attachment":[{"href":"https:\/\/www.caririemacao.com\/1\/wp-json\/wp\/v2\/media?parent=163222"}],"wp:term":[{"taxonomy":"category","embeddable":true,"href":"https:\/\/www.caririemacao.com\/1\/wp-json\/wp\/v2\/categories?post=163222"},{"taxonomy":"post_tag","embeddable":true,"href":"https:\/\/www.caririemacao.com\/1\/wp-json\/wp\/v2\/tags?post=163222"}],"curies":[{"name":"wp","href":"https:\/\/api.w.org\/{rel}","templated":true}]}}