{"id":163227,"date":"2020-04-11T06:26:59","date_gmt":"2020-04-11T09:26:59","guid":{"rendered":"http:\/\/www.caririemacao.com\/1\/?p=163227"},"modified":"2020-04-11T06:27:02","modified_gmt":"2020-04-11T09:27:02","slug":"paraiba-tem-mais-seis-casos-confirmados-de-coronavirus-e-total-de-infectados-chega-a-85","status":"publish","type":"post","link":"https:\/\/www.caririemacao.com\/1\/2020\/04\/11\/paraiba-tem-mais-seis-casos-confirmados-de-coronavirus-e-total-de-infectados-chega-a-85\/","title":{"rendered":"Para\u00edba tem mais seis casos confirmados de coronav\u00edrus e total de infectados chega a 85"},"content":{"rendered":"\n<p>Subiu para 85 o n\u00famero de casos confirmados de coronav\u00edrus na Para\u00edba. Agora s\u00e3o mais seis casos divulgados nesta sexta-feira (10) pela Secretaria de Estado da Sa\u00fade.<\/p>\n\n\n\n<p>Foram descartados 770 casos suspeitos. Dos infectados tratados, 30 j\u00e1 se recuperaram. A Para\u00edba mant\u00e9m o mesmo n\u00famero de mortos registrado at\u00e9 ontem (9): 11 \u00f3bitos.<\/p>\n\n\n\n<p>At\u00e9 esta sexta-feira, os casos confirmados estavam localizados em nove munic\u00edpios:&nbsp;Jo\u00e3o Pessoa: 64; Cabedelo: 4; Campina Grande: 3; Santa Rita: 6; Igaracy:1; Junco do Serid\u00f3: 1; Serra Branca: 1; Patos: 4; Sousa: 1; Bayeux: 0 (Ap\u00f3s investiga\u00e7\u00e3o municipal, ficou esclarecido que a pessoa contabilizada em Bayeux mora, na verdade, em Santa Rita.)<\/p>\n\n\n\n<p>No momento, 112 pessoas est\u00e3o internadas com S\u00edndrome Respirat\u00f3rio Aguda Grave (SRAG), a gripe, sendo 92 em enfermaria (66 p\u00fablico\/ 26 privado) e 20 na UTI (12 p\u00fablico\/ 08 privado), seguindo em investiga\u00e7\u00e3o para Covid-19.<\/p>\n\n\n\n<p>Os demais casos hospitalizados e com resultado n\u00e3o detect\u00e1vel seguem em investiga\u00e7\u00e3o para demais v\u00edrus.<\/p>\n\n\n\n<p>Dos casos confirmados, 8 est\u00e3o hospitalizados, sendo 4 em leito de enfermaria e 4 em UTI.<\/p>\n","protected":false},"excerpt":{"rendered":"<p>Subiu para 85 o n\u00famero de casos confirmados de coronav\u00edrus na Para\u00edba. Agora s\u00e3o mais seis casos divulgados nesta sexta-feira (10) pela Secretaria de Estado&hellip; <\/p>\n","protected":false},"author":2,"featured_media":162338,"comment_status":"closed","ping_status":"closed","sticky":false,"template":"","format":"standard","meta":{"sfsi_plus_gutenberg_text_before_share":"","sfsi_plus_gutenberg_show_text_before_share":"","sfsi_plus_gutenberg_icon_type":"","sfsi_plus_gutenberg_icon_alignemt":"","sfsi_plus_gutenburg_max_per_row":"","footnotes":""},"categories":[6],"tags":[],"class_list":["post-163227","post","type-post","status-publish","format-standard","has-post-thumbnail","hentry","category-cidades"],"_links":{"self":[{"href":"https:\/\/www.caririemacao.com\/1\/wp-json\/wp\/v2\/posts\/163227","targetHints":{"allow":["GET"]}}],"collection":[{"href":"https:\/\/www.caririemacao.com\/1\/wp-json\/wp\/v2\/posts"}],"about":[{"href":"https:\/\/www.caririemacao.com\/1\/wp-json\/wp\/v2\/types\/post"}],"author":[{"embeddable":true,"href":"https:\/\/www.caririemacao.com\/1\/wp-json\/wp\/v2\/users\/2"}],"replies":[{"embeddable":true,"href":"https:\/\/www.caririemacao.com\/1\/wp-json\/wp\/v2\/comments?post=163227"}],"version-history":[{"count":1,"href":"https:\/\/www.caririemacao.com\/1\/wp-json\/wp\/v2\/posts\/163227\/revisions"}],"predecessor-version":[{"id":163228,"href":"https:\/\/www.caririemacao.com\/1\/wp-json\/wp\/v2\/posts\/163227\/revisions\/163228"}],"wp:featuredmedia":[{"embeddable":true,"href":"https:\/\/www.caririemacao.com\/1\/wp-json\/wp\/v2\/media\/162338"}],"wp:attachment":[{"href":"https:\/\/www.caririemacao.com\/1\/wp-json\/wp\/v2\/media?parent=163227"}],"wp:term":[{"taxonomy":"category","embeddable":true,"href":"https:\/\/www.caririemacao.com\/1\/wp-json\/wp\/v2\/categories?post=163227"},{"taxonomy":"post_tag","embeddable":true,"href":"https:\/\/www.caririemacao.com\/1\/wp-json\/wp\/v2\/tags?post=163227"}],"curies":[{"name":"wp","href":"https:\/\/api.w.org\/{rel}","templated":true}]}}