{"id":163233,"date":"2020-04-11T06:41:19","date_gmt":"2020-04-11T09:41:19","guid":{"rendered":"http:\/\/www.caririemacao.com\/1\/?p=163233"},"modified":"2020-04-11T06:41:21","modified_gmt":"2020-04-11T09:41:21","slug":"no-sudoeste-bolsonaro-limpa-nariz-e-em-seguida-aperta-maos-de-apoiadores","status":"publish","type":"post","link":"https:\/\/www.caririemacao.com\/1\/2020\/04\/11\/no-sudoeste-bolsonaro-limpa-nariz-e-em-seguida-aperta-maos-de-apoiadores\/","title":{"rendered":"No Sudoeste, Bolsonaro limpa nariz e, em seguida, aperta m\u00e3os de apoiadores"},"content":{"rendered":"\n<p>Durante a visita que fez ao Sudoeste, na manh\u00e3 desta sexta-feira (10), em que esteve em uma farm\u00e1cia e no pr\u00e9dio onde mora o filho Renan, o presidente Jair Bolsonaro tamb\u00e9m cumprimentou apoiadores na regi\u00e3o. Imagens da TV Globo, no entanto, mostram ainda o presidente limpando o nariz com a m\u00e3o. Em seguida, sem limp\u00e1-la, Bolsonaro aperta a m\u00e3o de algumas pessoas, entre elas uma idosa que usava m\u00e1scara como prote\u00e7\u00e3o da Covid-19.<\/p>\n\n\n\n<p>A atitude do presidente vai na contram\u00e3o de v\u00e1rias recomenda\u00e7\u00f5es do Minist\u00e9rio da Sa\u00fade e do Governo do Distrito Federal (GDF) para tentar evitar a prolifera\u00e7\u00e3o do novo coronav\u00edrus.<\/p>\n\n\n\n<p>Entre elas, a de n\u00e3o fazer aglomera\u00e7\u00e3o, n\u00e3o colocar as m\u00e3os no rosto e n\u00e3o apertar as m\u00e3os das pessoas. Veja o momento abaixo:<\/p>\n\n\n\n<p>N\u00e3o \u00e9 a primeira vez que Bolsonaro evita aglomera\u00e7\u00f5es. Na quinta-feira (9\/4), o presidente esteve em uma padaria na Asa Norte. Contrariando o decreto do GDF que libera o funcionamento do estabelecimento, ele fez um lanche no local e causou aglomera\u00e7\u00e3o, al\u00e9m de abra\u00e7ar funcion\u00e1rios, cumprimentar pessoas com abra\u00e7os e apertos de m\u00e3o, al\u00e9m de posar para fotos.<\/p>\n\n\n\n<p>Em 29 de mar\u00e7o, Bolsonaro j\u00e1 havia quebrado o isolamento ao percorrer com\u00e9rcios em Taguatinga e Ceil\u00e2ndia. O passeio havia ocorrido um dia ap\u00f3s o ministro da Sa\u00fade, Luiz Henrique Mandetta, refor\u00e7ar o pedido para que as pessoas mantenham o distanciamento social.<\/p>\n","protected":false},"excerpt":{"rendered":"<p>Durante a visita que fez ao Sudoeste, na manh\u00e3 desta sexta-feira (10), em que esteve em uma farm\u00e1cia e no pr\u00e9dio onde mora o filho&hellip; <\/p>\n","protected":false},"author":2,"featured_media":163234,"comment_status":"closed","ping_status":"closed","sticky":false,"template":"","format":"standard","meta":{"sfsi_plus_gutenberg_text_before_share":"","sfsi_plus_gutenberg_show_text_before_share":"","sfsi_plus_gutenberg_icon_type":"","sfsi_plus_gutenberg_icon_alignemt":"","sfsi_plus_gutenburg_max_per_row":"","footnotes":""},"categories":[2],"tags":[],"class_list":["post-163233","post","type-post","status-publish","format-standard","has-post-thumbnail","hentry","category-geral"],"_links":{"self":[{"href":"https:\/\/www.caririemacao.com\/1\/wp-json\/wp\/v2\/posts\/163233","targetHints":{"allow":["GET"]}}],"collection":[{"href":"https:\/\/www.caririemacao.com\/1\/wp-json\/wp\/v2\/posts"}],"about":[{"href":"https:\/\/www.caririemacao.com\/1\/wp-json\/wp\/v2\/types\/post"}],"author":[{"embeddable":true,"href":"https:\/\/www.caririemacao.com\/1\/wp-json\/wp\/v2\/users\/2"}],"replies":[{"embeddable":true,"href":"https:\/\/www.caririemacao.com\/1\/wp-json\/wp\/v2\/comments?post=163233"}],"version-history":[{"count":1,"href":"https:\/\/www.caririemacao.com\/1\/wp-json\/wp\/v2\/posts\/163233\/revisions"}],"predecessor-version":[{"id":163235,"href":"https:\/\/www.caririemacao.com\/1\/wp-json\/wp\/v2\/posts\/163233\/revisions\/163235"}],"wp:featuredmedia":[{"embeddable":true,"href":"https:\/\/www.caririemacao.com\/1\/wp-json\/wp\/v2\/media\/163234"}],"wp:attachment":[{"href":"https:\/\/www.caririemacao.com\/1\/wp-json\/wp\/v2\/media?parent=163233"}],"wp:term":[{"taxonomy":"category","embeddable":true,"href":"https:\/\/www.caririemacao.com\/1\/wp-json\/wp\/v2\/categories?post=163233"},{"taxonomy":"post_tag","embeddable":true,"href":"https:\/\/www.caririemacao.com\/1\/wp-json\/wp\/v2\/tags?post=163233"}],"curies":[{"name":"wp","href":"https:\/\/api.w.org\/{rel}","templated":true}]}}