{"id":163236,"date":"2020-04-11T06:43:23","date_gmt":"2020-04-11T09:43:23","guid":{"rendered":"http:\/\/www.caririemacao.com\/1\/?p=163236"},"modified":"2020-04-11T06:43:24","modified_gmt":"2020-04-11T09:43:24","slug":"correios-oferece-servico-de-inscricao-de-cpf-documento-e-necessario-para-auxilio-emergencial","status":"publish","type":"post","link":"https:\/\/www.caririemacao.com\/1\/2020\/04\/11\/correios-oferece-servico-de-inscricao-de-cpf-documento-e-necessario-para-auxilio-emergencial\/","title":{"rendered":"Correios oferece servi\u00e7o de inscri\u00e7\u00e3o de CPF; documento \u00e9 necess\u00e1rio para Aux\u00edlio Emergencial"},"content":{"rendered":"\n<p>Ter CPF ativo \u00e9 um dos pr\u00e9-requisitos para os benefici\u00e1rios receberem o Aux\u00edlio Emergencial do Governo, no valor de R$ 600,00. Nos Correios, \u00e9 poss\u00edvel obter a inscri\u00e7\u00e3o do CPF para quem ainda n\u00e3o tem o documento. Nas ag\u00eancias de todo o pa\u00eds, tamb\u00e9m podem ser realizadas a regulariza\u00e7\u00e3o cadastral e a altera\u00e7\u00e3o de dados como data de nascimento, n\u00famero do t\u00edtulo eleitoral, endere\u00e7o, nome da m\u00e3e e a mudan\u00e7a de sexo.&nbsp;<\/p>\n\n\n\n<p>Para solicitar a inscri\u00e7\u00e3o no cadastro, o cidad\u00e3o deve comparecer a uma unidade dos Correios munido da documenta\u00e7\u00e3o necess\u00e1ria e pagar o valor de R$ 7,00. O n\u00famero do documento sai na hora.<\/p>\n\n\n\n<p>Em 2019, foram realizadas pela rede de atendimento da empresa cerca de 4,5 milh\u00f5es de inscri\u00e7\u00f5es ao cadastro. Os Estados onde houve mais procura pelo servi\u00e7o foram S\u00e3o Paulo, Bahia, Minas Gerais e Par\u00e1.<\/p>\n\n\n\n<p>O CPF \u00e9 utilizado para identificar o cidad\u00e3o na Receita Federal. N\u00e3o \u00e9 obrigat\u00f3rio portar o cart\u00e3o, mas o n\u00famero do cadastro \u00e9 exigido em v\u00e1rias situa\u00e7\u00f5es, principalmente em opera\u00e7\u00f5es financeiras, como abertura de contas em bancos.<\/p>\n\n\n\n<p>Em aten\u00e7\u00e3o \u00e0s recomenda\u00e7\u00f5es do Minist\u00e9rio da Sa\u00fade, no contexto da pandemia da Covid-19, a estatal informa que adotou medidas preventivas e passou a seguir as rotinas de atendimento especificamente voltadas \u00e0 seguran\u00e7a dos empregados e clientes. Entre outras medidas, h\u00e1 o refor\u00e7o nos procedimentos de limpeza e cuidados extras de higiene, al\u00e9m de m\u00e9todos para evitar o contato f\u00edsico, como a desativa\u00e7\u00e3o de totens de senhas e o n\u00e3o compartilhamento de objetos.<\/p>\n\n\n\n<p><strong>Balc\u00e3o do Cidad\u00e3o<\/strong>&nbsp;\u2013 Os Correios j\u00e1 prestam v\u00e1rios servi\u00e7os ao cidad\u00e3o, al\u00e9m da emiss\u00e3o de CPF. Outros servi\u00e7os como emiss\u00e3o de certificado digital; entrada no seguro por acidente de tr\u00e2nsito (DPVAT); consulta ao SPC\/Serasa e o Documentos Achados e Perdidos tamb\u00e9m est\u00e3o dispon\u00edveis nas ag\u00eancias.<\/p>\n\n\n\n<p>Por meio da iniciativa Balc\u00e3o do Cidad\u00e3o, os Correios est\u00e3o ampliando a parceria com institui\u00e7\u00f5es p\u00fablicas e privadas para a oferta de servi\u00e7os e outras conveni\u00eancias em suas ag\u00eancias. \u00c9 uma oportunidade para \u00f3rg\u00e3os p\u00fablicos e empresas que querem potencializar a presta\u00e7\u00e3o de multisservi\u00e7os, por meio da infraestrutura e da capilaridade das unidades de atendimento da estatal.<\/p>\n","protected":false},"excerpt":{"rendered":"<p>Ter CPF ativo \u00e9 um dos pr\u00e9-requisitos para os benefici\u00e1rios receberem o Aux\u00edlio Emergencial do Governo, no valor de R$ 600,00. Nos Correios, \u00e9 poss\u00edvel&hellip; <\/p>\n","protected":false},"author":2,"featured_media":163237,"comment_status":"closed","ping_status":"closed","sticky":false,"template":"","format":"standard","meta":{"sfsi_plus_gutenberg_text_before_share":"","sfsi_plus_gutenberg_show_text_before_share":"","sfsi_plus_gutenberg_icon_type":"","sfsi_plus_gutenberg_icon_alignemt":"","sfsi_plus_gutenburg_max_per_row":"","footnotes":""},"categories":[2],"tags":[],"class_list":["post-163236","post","type-post","status-publish","format-standard","has-post-thumbnail","hentry","category-geral"],"_links":{"self":[{"href":"https:\/\/www.caririemacao.com\/1\/wp-json\/wp\/v2\/posts\/163236","targetHints":{"allow":["GET"]}}],"collection":[{"href":"https:\/\/www.caririemacao.com\/1\/wp-json\/wp\/v2\/posts"}],"about":[{"href":"https:\/\/www.caririemacao.com\/1\/wp-json\/wp\/v2\/types\/post"}],"author":[{"embeddable":true,"href":"https:\/\/www.caririemacao.com\/1\/wp-json\/wp\/v2\/users\/2"}],"replies":[{"embeddable":true,"href":"https:\/\/www.caririemacao.com\/1\/wp-json\/wp\/v2\/comments?post=163236"}],"version-history":[{"count":1,"href":"https:\/\/www.caririemacao.com\/1\/wp-json\/wp\/v2\/posts\/163236\/revisions"}],"predecessor-version":[{"id":163238,"href":"https:\/\/www.caririemacao.com\/1\/wp-json\/wp\/v2\/posts\/163236\/revisions\/163238"}],"wp:featuredmedia":[{"embeddable":true,"href":"https:\/\/www.caririemacao.com\/1\/wp-json\/wp\/v2\/media\/163237"}],"wp:attachment":[{"href":"https:\/\/www.caririemacao.com\/1\/wp-json\/wp\/v2\/media?parent=163236"}],"wp:term":[{"taxonomy":"category","embeddable":true,"href":"https:\/\/www.caririemacao.com\/1\/wp-json\/wp\/v2\/categories?post=163236"},{"taxonomy":"post_tag","embeddable":true,"href":"https:\/\/www.caririemacao.com\/1\/wp-json\/wp\/v2\/tags?post=163236"}],"curies":[{"name":"wp","href":"https:\/\/api.w.org\/{rel}","templated":true}]}}