{"id":163239,"date":"2020-04-11T06:44:59","date_gmt":"2020-04-11T09:44:59","guid":{"rendered":"http:\/\/www.caririemacao.com\/1\/?p=163239"},"modified":"2020-04-11T06:45:01","modified_gmt":"2020-04-11T09:45:01","slug":"bolsonaro-diz-que-vai-recorrer-de-decisao-do-stf-sobre-isolamento-social","status":"publish","type":"post","link":"https:\/\/www.caririemacao.com\/1\/2020\/04\/11\/bolsonaro-diz-que-vai-recorrer-de-decisao-do-stf-sobre-isolamento-social\/","title":{"rendered":"Bolsonaro diz que vai recorrer de decis\u00e3o do STF sobre isolamento social"},"content":{"rendered":"\n<p>O presidente da Rep\u00fablica, Jair Bolsonaro (sem partido) disse nesta quinta-feira, dia 9, que o governo federal vai recorrer da decis\u00e3o do ministro do Supremo Tribunal Federal (STF) Alexandre de Moraes que confirmou que Estados e munic\u00edpios t\u00eam autonomia para adotar medidas de isolamento social em meio \u00e0 pandemia do novo coronav\u00edrus.<\/p>\n\n\n\n<p>&#8220;T\u00e1 na tela aqui na frente a decis\u00e3o de um ministro do Supremo Tribunal Federal. Tem at\u00e9 um lado positivo &#8211; a gente vai recorrer, mas tem um lado positivo. Dizendo claramente que quem \u00e9 o respons\u00e1vel por a\u00e7\u00f5es como imposi\u00e7\u00e3o de a\u00e7\u00f5es como distanciamento e isolamento social, quarentena, suspens\u00e3o de atividades &#8211; voc\u00ea que est\u00e1 sem trabalhar, n\u00e9 &#8211; bem como aulas, restri\u00e7\u00f5es de com\u00e9rcio, atividades culturais, e a circula\u00e7\u00e3o de pessoas. Quem decide isso \u00e9 o respectivo governador ou prefeito&#8221;, afirmou Bolsonaro.<\/p>\n\n\n\n<p>Na noite de quarta (8), Moraes decidiu que Estados e munic\u00edpios podem omar medidas de distanciamento social independentemente de ordens contr\u00e1rias do governo federal. A decis\u00e3o representa uma derrota para o presidente, que defende o que ele chama de &#8220;isolamento vertical&#8221;, em que apenas as pessoas que pertencem a grupos de risco da covid-16 evitam sair de casa.<\/p>\n\n\n\n<p>A defesa do presidente pela retomada das atividades virou um ponto de atrito entre o mandat\u00e1rio e diversas outras autoridades, inclusive chefes de Estados e prefeituras, al\u00e9m do ministro da Sa\u00fade, Luiz Henrique Mandetta.<\/p>\n\n\n\n<p>&#8220;Ent\u00e3o a responsabilidade &#8211; se voc\u00ea tem algum problema no teu Estado, acha que a quarentena, as medidas tomadas pelo seu Estado est\u00e3o te prejudicando &#8211; o f\u00f3rum adequado para voc\u00ea reclamar \u00e9 o respectivo governador, respectivo prefeito&#8221;, comentou Bolsonaro durante a live. Na vis\u00e3o do mandat\u00e1rio, as autoridades deveriam evitar travar a economia.<\/p>\n\n\n\n<p>A decis\u00e3o do ministro do STF n\u00e3o afastou a possibilidade do governo federal tamb\u00e9m adotar medidas restritivas, apenas afirmou que o Planalto n\u00e3o tem o poder de derrubar as restri\u00e7\u00f5es impostas pelo Estado ou pelo munic\u00edpio.<\/p>\n\n\n\n<p>A decis\u00e3o reconheceu e assegurou &#8220;o exerc\u00edcio da compet\u00eancia concorrente dos governos estaduais e distrital e suplementar dos governos municipais (&#8230;); independentemente de superveni\u00eancia de ato federal em sentido contr\u00e1rio, sem preju\u00edzo da compet\u00eancia geral da uni\u00e3o para estabelecer medidas restritivas em todo o territ\u00f3rio nacional, caso entenda necess\u00e1rio.&#8221;<\/p>\n\n\n\n<p>A a\u00e7\u00e3o foi movida pela Ordem dos Advogados do Brasil (OAB), que, entre outros pleitos, pedia que Bolsonaro fosse obrigado a seguir orienta\u00e7\u00f5es da OMS e a n\u00e3o interferir em estados e munic\u00edpios. O presidente da OAB, Felipe Santa Cruz, classificou a decis\u00e3o n\u00e3o s\u00f3 como uma vit\u00f3ria da Constitui\u00e7\u00e3o e dos princ\u00edpios da Federa\u00e7\u00e3o, mas tamb\u00e9m &#8220;do bom senso&#8221;.<\/p>\n","protected":false},"excerpt":{"rendered":"<p>O presidente da Rep\u00fablica, Jair Bolsonaro (sem partido) disse nesta quinta-feira, dia 9, que o governo federal vai recorrer da decis\u00e3o do ministro do Supremo&hellip; <\/p>\n","protected":false},"author":2,"featured_media":163240,"comment_status":"closed","ping_status":"closed","sticky":false,"template":"","format":"standard","meta":{"sfsi_plus_gutenberg_text_before_share":"","sfsi_plus_gutenberg_show_text_before_share":"","sfsi_plus_gutenberg_icon_type":"","sfsi_plus_gutenberg_icon_alignemt":"","sfsi_plus_gutenburg_max_per_row":"","footnotes":""},"categories":[2],"tags":[],"class_list":["post-163239","post","type-post","status-publish","format-standard","has-post-thumbnail","hentry","category-geral"],"_links":{"self":[{"href":"https:\/\/www.caririemacao.com\/1\/wp-json\/wp\/v2\/posts\/163239","targetHints":{"allow":["GET"]}}],"collection":[{"href":"https:\/\/www.caririemacao.com\/1\/wp-json\/wp\/v2\/posts"}],"about":[{"href":"https:\/\/www.caririemacao.com\/1\/wp-json\/wp\/v2\/types\/post"}],"author":[{"embeddable":true,"href":"https:\/\/www.caririemacao.com\/1\/wp-json\/wp\/v2\/users\/2"}],"replies":[{"embeddable":true,"href":"https:\/\/www.caririemacao.com\/1\/wp-json\/wp\/v2\/comments?post=163239"}],"version-history":[{"count":1,"href":"https:\/\/www.caririemacao.com\/1\/wp-json\/wp\/v2\/posts\/163239\/revisions"}],"predecessor-version":[{"id":163241,"href":"https:\/\/www.caririemacao.com\/1\/wp-json\/wp\/v2\/posts\/163239\/revisions\/163241"}],"wp:featuredmedia":[{"embeddable":true,"href":"https:\/\/www.caririemacao.com\/1\/wp-json\/wp\/v2\/media\/163240"}],"wp:attachment":[{"href":"https:\/\/www.caririemacao.com\/1\/wp-json\/wp\/v2\/media?parent=163239"}],"wp:term":[{"taxonomy":"category","embeddable":true,"href":"https:\/\/www.caririemacao.com\/1\/wp-json\/wp\/v2\/categories?post=163239"},{"taxonomy":"post_tag","embeddable":true,"href":"https:\/\/www.caririemacao.com\/1\/wp-json\/wp\/v2\/tags?post=163239"}],"curies":[{"name":"wp","href":"https:\/\/api.w.org\/{rel}","templated":true}]}}