{"id":163258,"date":"2020-04-11T07:12:35","date_gmt":"2020-04-11T10:12:35","guid":{"rendered":"http:\/\/www.caririemacao.com\/1\/?p=163258"},"modified":"2020-04-11T07:12:36","modified_gmt":"2020-04-11T10:12:36","slug":"grupo-e-preso-por-aplicar-golpe-em-aposentados","status":"publish","type":"post","link":"https:\/\/www.caririemacao.com\/1\/2020\/04\/11\/grupo-e-preso-por-aplicar-golpe-em-aposentados\/","title":{"rendered":"Grupo \u00e9 preso por aplicar golpe em aposentados"},"content":{"rendered":"\n<p>A Pol\u00edcia Militar desarticulou uma quadrilha que vinha aplicando golpes em aposentados e benefici\u00e1rios de programas sociais, desde o fim do m\u00eas de mar\u00e7o, em Jo\u00e3o Pessoa. Os integrantes do grupo criminoso foram presos nessa quinta-feira (9), perto da ag\u00eancia do Banco do Brasil da pra\u00e7a 1817, no centro da Capital.<\/p>\n\n\n\n<p>A pris\u00e3o foi realizada pelos policiais do 1\u00ba Batalh\u00e3o e do Batalh\u00e3o Especializado em Policiamento com Motocicletas (BPEMotos), que receberam informa\u00e7\u00f5es da presen\u00e7a de um carro suspeito perto da ag\u00eancia, foram at\u00e9 l\u00e1 e flagraram tr\u00eas integrantes do bando, sendo um de 35 anos e os outros dois de 40, cada.<\/p>\n\n\n\n<p>Com os suspeitos, foram apreendidos mais de R$ 20 mil, 10 maquinetas de cart\u00e3o de cr\u00e9dito, um equipamento do tipo \u2018chupa-cabra\u2019, 167 cart\u00f5es de operadoras financeiras, 55 cart\u00f5es de cr\u00e9dito em branco e dois carros.<\/p>\n\n\n\n<p>Modo de agir \u2013 Conforme informa\u00e7\u00f5es de uma das v\u00edtimas, os suspeitos apareciam nas ag\u00eancias oferecendo ajuda a quem n\u00e3o sabia manipular o caixa eletr\u00f4nico, pegava o cart\u00e3o e, sem a v\u00edtima perceber, clonava os dados. Eles alegavam que a conta estava zerada e, ap\u00f3s a v\u00edtima ir embora, retornava ao banco e realizava o saque.<\/p>\n\n\n\n<p>Eles teriam passado toda a tarde dessa quinta-feira (9) realizando saques. Um aposentado de 74 anos, que foi v\u00edtima da quadrilha na \u00faltima segunda-feira (7) e perdeu todo o dinheiro que tinha para receber da aposentadoria, reconheceu os acusados. Os presos foram levados para a Central de Flagrantes, no Geisel, onde mais v\u00edtimas devem comparecer.<\/p>\n\n\n\n<p><strong>MaisPB<\/strong><\/p>\n","protected":false},"excerpt":{"rendered":"<p>A Pol\u00edcia Militar desarticulou uma quadrilha que vinha aplicando golpes em aposentados e benefici\u00e1rios de programas sociais, desde o fim do m\u00eas de mar\u00e7o, em&hellip; <\/p>\n","protected":false},"author":2,"featured_media":163259,"comment_status":"closed","ping_status":"closed","sticky":false,"template":"","format":"standard","meta":{"sfsi_plus_gutenberg_text_before_share":"","sfsi_plus_gutenberg_show_text_before_share":"","sfsi_plus_gutenberg_icon_type":"","sfsi_plus_gutenberg_icon_alignemt":"","sfsi_plus_gutenburg_max_per_row":"","footnotes":""},"categories":[2],"tags":[],"class_list":["post-163258","post","type-post","status-publish","format-standard","has-post-thumbnail","hentry","category-geral"],"_links":{"self":[{"href":"https:\/\/www.caririemacao.com\/1\/wp-json\/wp\/v2\/posts\/163258","targetHints":{"allow":["GET"]}}],"collection":[{"href":"https:\/\/www.caririemacao.com\/1\/wp-json\/wp\/v2\/posts"}],"about":[{"href":"https:\/\/www.caririemacao.com\/1\/wp-json\/wp\/v2\/types\/post"}],"author":[{"embeddable":true,"href":"https:\/\/www.caririemacao.com\/1\/wp-json\/wp\/v2\/users\/2"}],"replies":[{"embeddable":true,"href":"https:\/\/www.caririemacao.com\/1\/wp-json\/wp\/v2\/comments?post=163258"}],"version-history":[{"count":1,"href":"https:\/\/www.caririemacao.com\/1\/wp-json\/wp\/v2\/posts\/163258\/revisions"}],"predecessor-version":[{"id":163260,"href":"https:\/\/www.caririemacao.com\/1\/wp-json\/wp\/v2\/posts\/163258\/revisions\/163260"}],"wp:featuredmedia":[{"embeddable":true,"href":"https:\/\/www.caririemacao.com\/1\/wp-json\/wp\/v2\/media\/163259"}],"wp:attachment":[{"href":"https:\/\/www.caririemacao.com\/1\/wp-json\/wp\/v2\/media?parent=163258"}],"wp:term":[{"taxonomy":"category","embeddable":true,"href":"https:\/\/www.caririemacao.com\/1\/wp-json\/wp\/v2\/categories?post=163258"},{"taxonomy":"post_tag","embeddable":true,"href":"https:\/\/www.caririemacao.com\/1\/wp-json\/wp\/v2\/tags?post=163258"}],"curies":[{"name":"wp","href":"https:\/\/api.w.org\/{rel}","templated":true}]}}