{"id":163261,"date":"2020-04-11T07:14:29","date_gmt":"2020-04-11T10:14:29","guid":{"rendered":"http:\/\/www.caririemacao.com\/1\/?p=163261"},"modified":"2020-04-11T07:22:23","modified_gmt":"2020-04-11T10:22:23","slug":"cordeirenses-beneficiarios-do-bolsa-familia-recebem-peixe-e-cestas-basicas-nesta-semana-santa","status":"publish","type":"post","link":"https:\/\/www.caririemacao.com\/1\/2020\/04\/11\/cordeirenses-beneficiarios-do-bolsa-familia-recebem-peixe-e-cestas-basicas-nesta-semana-santa\/","title":{"rendered":"Cordeirenses benefici\u00e1rios do Bolsa Fam\u00edlia recebem peixe e cestas b\u00e1sicas nesta Semana Santa"},"content":{"rendered":"\n<p>Sem aglomera\u00e7\u00f5es e com distribui\u00e7\u00e3o na zona urbana e rural, a Prefeitura de S\u00e3o Jos\u00e9 dos Cordeiros realizou nesta quinta-feira (09) a distribui\u00e7\u00e3o de cestas b\u00e1sicas e pescado \u00e0 fam\u00edlia carentes do munic\u00edpio. A a\u00e7\u00e3o de entrega do peixe j\u00e1 segue uma tradi\u00e7\u00e3o da gest\u00e3o por ocasi\u00e3o da Semana Santa e foi ampliada por determina\u00e7\u00e3o do prefeito Jefferson Roberto diante da crise do Covid-19.<\/p>\n\n\n\n<p>Atrav\u00e9s da Secretaria de Assist\u00eancia Social, a Prefeitura adquiriu e entregou 546 cestas b\u00e1sicas num investimento de R$ 25 mil. O munic\u00edpio ainda adquiriu cerca de R$ 7 mil de peixes e completou o jejum das fam\u00edlias benefici\u00e1rias do programa Bolsa Fam\u00edlia.<\/p>\n\n\n\n<div class=\"wp-block-image\"><figure class=\"aligncenter\"><img decoding=\"async\" data-src=\"http:\/\/deolhonocariri.com.br\/wp-content\/uploads\/2020\/04\/93067157_562228527743887_7162060972004212736_n.jpg\" alt=\"\" class=\"wp-image-80514 lazyload\" src=\"data:image\/svg+xml;base64,PHN2ZyB3aWR0aD0iMSIgaGVpZ2h0PSIxIiB4bWxucz0iaHR0cDovL3d3dy53My5vcmcvMjAwMC9zdmciPjwvc3ZnPg==\" \/><\/figure><\/div>\n\n\n\n<p>Segundo o secret\u00e1rio de Assist\u00eancia Social, S\u00e9rgio Sousa, a a\u00e7\u00e3o visa n\u00e3o apenas manter a tradi\u00e7\u00e3o de ofertar o peixe da Semana Santa, mas garantir seguran\u00e7a alimentar para tantas fam\u00edlias que diante do isolamento social passam por dificuldade para sua manuten\u00e7\u00e3o. \u201cEsta \u00e9 uma das a\u00e7\u00f5es que vamos fazer para contribuir com o enfrentamento local do Covid-19. Pedimos a contrapartida das fam\u00edlias ficando em casa e mantendo longe o risco do cont\u00e1gio ao coronav\u00edrus\u201d, destacou.<\/p>\n","protected":false},"excerpt":{"rendered":"<p>Sem aglomera\u00e7\u00f5es e com distribui\u00e7\u00e3o na zona urbana e rural, a Prefeitura de S\u00e3o Jos\u00e9 dos Cordeiros realizou nesta quinta-feira (09) a distribui\u00e7\u00e3o de cestas&hellip; <\/p>\n","protected":false},"author":2,"featured_media":163262,"comment_status":"closed","ping_status":"closed","sticky":false,"template":"","format":"standard","meta":{"sfsi_plus_gutenberg_text_before_share":"","sfsi_plus_gutenberg_show_text_before_share":"","sfsi_plus_gutenberg_icon_type":"","sfsi_plus_gutenberg_icon_alignemt":"","sfsi_plus_gutenburg_max_per_row":"","footnotes":""},"categories":[2],"tags":[],"class_list":["post-163261","post","type-post","status-publish","format-standard","has-post-thumbnail","hentry","category-geral"],"_links":{"self":[{"href":"https:\/\/www.caririemacao.com\/1\/wp-json\/wp\/v2\/posts\/163261","targetHints":{"allow":["GET"]}}],"collection":[{"href":"https:\/\/www.caririemacao.com\/1\/wp-json\/wp\/v2\/posts"}],"about":[{"href":"https:\/\/www.caririemacao.com\/1\/wp-json\/wp\/v2\/types\/post"}],"author":[{"embeddable":true,"href":"https:\/\/www.caririemacao.com\/1\/wp-json\/wp\/v2\/users\/2"}],"replies":[{"embeddable":true,"href":"https:\/\/www.caririemacao.com\/1\/wp-json\/wp\/v2\/comments?post=163261"}],"version-history":[{"count":2,"href":"https:\/\/www.caririemacao.com\/1\/wp-json\/wp\/v2\/posts\/163261\/revisions"}],"predecessor-version":[{"id":163272,"href":"https:\/\/www.caririemacao.com\/1\/wp-json\/wp\/v2\/posts\/163261\/revisions\/163272"}],"wp:featuredmedia":[{"embeddable":true,"href":"https:\/\/www.caririemacao.com\/1\/wp-json\/wp\/v2\/media\/163262"}],"wp:attachment":[{"href":"https:\/\/www.caririemacao.com\/1\/wp-json\/wp\/v2\/media?parent=163261"}],"wp:term":[{"taxonomy":"category","embeddable":true,"href":"https:\/\/www.caririemacao.com\/1\/wp-json\/wp\/v2\/categories?post=163261"},{"taxonomy":"post_tag","embeddable":true,"href":"https:\/\/www.caririemacao.com\/1\/wp-json\/wp\/v2\/tags?post=163261"}],"curies":[{"name":"wp","href":"https:\/\/api.w.org\/{rel}","templated":true}]}}