{"id":163264,"date":"2020-04-11T07:19:01","date_gmt":"2020-04-11T10:19:01","guid":{"rendered":"http:\/\/www.caririemacao.com\/1\/?p=163264"},"modified":"2020-04-11T07:19:03","modified_gmt":"2020-04-11T10:19:03","slug":"bolsonaro-espera-retomada-de-atividades-no-pais-em-ate-quatro-meses","status":"publish","type":"post","link":"https:\/\/www.caririemacao.com\/1\/2020\/04\/11\/bolsonaro-espera-retomada-de-atividades-no-pais-em-ate-quatro-meses\/","title":{"rendered":"Bolsonaro espera retomada de atividades no pa\u00eds em at\u00e9 quatro meses"},"content":{"rendered":"\n<p>O presidente Jair Bolsonaro afirmou nesta quinta-feira (9) que espera a normaliza\u00e7\u00e3o da atividades do pa\u00eds em menos de \u201ctr\u00eas ou quatro\u201d meses, para n\u00e3o haver, segundo ele, uma complica\u00e7\u00e3o no cen\u00e1rio econ\u00f4mico. Ao citar os gastos de cerca de R$ 600 bilh\u00f5es para programas de combate \u00e0 pandemia do novo coronav\u00edrus e manuten\u00e7\u00e3o de empregos e renda das empresas, o presidente comparou a situa\u00e7\u00e3o \u00e0s margens de um rio ap\u00f3s a destrui\u00e7\u00e3o de uma ponte.<\/p>\n\n\n\n<p>\u201cEstamos com esses R$ 600 bilh\u00f5es mantendo a comunica\u00e7\u00e3o com as duas margens do rio, s\u00f3 que temos um limite, acredito que tr\u00eas meses ou quatro meses fica complicado, ent\u00e3o a gente espera que as atividades voltem antes disso\u201d, afirmou durante sua&nbsp;<em>live<\/em>&nbsp;semanal transmitida pelo Facebook.<\/p>\n\n\n\n<p>Bolsonaro voltou a defender o fim do isolamento social amplo para pessoas fora dos grupos de risco da covid-19, como idosos e pessoas com doen\u00e7as cr\u00f4nicas. \u201cPor mim, quem tem menos de 40 anos j\u00e1 estaria trabalhando, porque n\u00f3s dever\u00edamos, no meu entender, partir para o isolamento vertical\u201d, disse.<\/p>\n\n\n\n<p>O presidente lembrou decis\u00e3o do ministro Alexandre de Moraes, do Supremo Tribunal Federal (STF), que assegurou a autonomia de governos estaduais e prefeituras para determinar medidas de fechamento de com\u00e9rcio e isolamento social, e disse que quem se sente prejudicado por essas decis\u00f5es deve cobrar os governadores e prefeitos. Ainda de acordo com presidente, no entanto, alguns estados e cidades j\u00e1 est\u00e3o retomando as atividades, como ele defende.<\/p>\n\n\n\n<p>\u201cEu tenho certeza que brevemente isso tudo estar\u00e1 resolvido. Tenho not\u00edcias que alguns governadores, alguns prefeitos tamb\u00e9m, [em] cidades que n\u00e3o tem ningu\u00e9m detectado com o v\u00edrus, est\u00e1 sendo liberado [o com\u00e9rcio] pelo respectivo governador\u201d, afirmou.<\/p>\n\n\n\n<p>O n\u00famero de mortes decorrentes do novo coronav\u00edrus totalizou 941, segundo&nbsp;atualiza\u00e7\u00e3o divulgada pelo Minist\u00e9rio da Sa\u00fade nesta quinta-feira. Ao todo, o Brasil registrou 141 mortes e 1.930 novos casos confirmados nas \u00faltimas 24 horas.<\/p>\n\n\n\n<p><em>Ag\u00eancia Brasil \u2013 Foto: Divulga\u00e7\u00e3o \/Ag\u00eancia Brasil<\/em><\/p>\n","protected":false},"excerpt":{"rendered":"<p>O presidente Jair Bolsonaro afirmou nesta quinta-feira (9) que espera a normaliza\u00e7\u00e3o da atividades do pa\u00eds em menos de \u201ctr\u00eas ou quatro\u201d meses, para n\u00e3o&hellip; <\/p>\n","protected":false},"author":2,"featured_media":163265,"comment_status":"closed","ping_status":"closed","sticky":false,"template":"","format":"standard","meta":{"sfsi_plus_gutenberg_text_before_share":"","sfsi_plus_gutenberg_show_text_before_share":"","sfsi_plus_gutenberg_icon_type":"","sfsi_plus_gutenberg_icon_alignemt":"","sfsi_plus_gutenburg_max_per_row":"","footnotes":""},"categories":[11],"tags":[],"class_list":["post-163264","post","type-post","status-publish","format-standard","has-post-thumbnail","hentry","category-politica"],"_links":{"self":[{"href":"https:\/\/www.caririemacao.com\/1\/wp-json\/wp\/v2\/posts\/163264","targetHints":{"allow":["GET"]}}],"collection":[{"href":"https:\/\/www.caririemacao.com\/1\/wp-json\/wp\/v2\/posts"}],"about":[{"href":"https:\/\/www.caririemacao.com\/1\/wp-json\/wp\/v2\/types\/post"}],"author":[{"embeddable":true,"href":"https:\/\/www.caririemacao.com\/1\/wp-json\/wp\/v2\/users\/2"}],"replies":[{"embeddable":true,"href":"https:\/\/www.caririemacao.com\/1\/wp-json\/wp\/v2\/comments?post=163264"}],"version-history":[{"count":1,"href":"https:\/\/www.caririemacao.com\/1\/wp-json\/wp\/v2\/posts\/163264\/revisions"}],"predecessor-version":[{"id":163266,"href":"https:\/\/www.caririemacao.com\/1\/wp-json\/wp\/v2\/posts\/163264\/revisions\/163266"}],"wp:featuredmedia":[{"embeddable":true,"href":"https:\/\/www.caririemacao.com\/1\/wp-json\/wp\/v2\/media\/163265"}],"wp:attachment":[{"href":"https:\/\/www.caririemacao.com\/1\/wp-json\/wp\/v2\/media?parent=163264"}],"wp:term":[{"taxonomy":"category","embeddable":true,"href":"https:\/\/www.caririemacao.com\/1\/wp-json\/wp\/v2\/categories?post=163264"},{"taxonomy":"post_tag","embeddable":true,"href":"https:\/\/www.caririemacao.com\/1\/wp-json\/wp\/v2\/tags?post=163264"}],"curies":[{"name":"wp","href":"https:\/\/api.w.org\/{rel}","templated":true}]}}