{"id":163267,"date":"2020-04-11T07:20:15","date_gmt":"2020-04-11T10:20:15","guid":{"rendered":"http:\/\/www.caririemacao.com\/1\/?p=163267"},"modified":"2020-04-11T07:20:16","modified_gmt":"2020-04-11T10:20:16","slug":"coronavirus-mp-investiga-prefeito-suspeito-de-aglomeracao-em-festa-de-aniversario-na-paraiba","status":"publish","type":"post","link":"https:\/\/www.caririemacao.com\/1\/2020\/04\/11\/coronavirus-mp-investiga-prefeito-suspeito-de-aglomeracao-em-festa-de-aniversario-na-paraiba\/","title":{"rendered":"Coronav\u00edrus: MP investiga prefeito suspeito de aglomera\u00e7\u00e3o em festa de anivers\u00e1rio na Para\u00edba"},"content":{"rendered":"\n<p>Uma investiga\u00e7\u00e3o foi aberta na quinta-feira (9) pelo Minist\u00e9rio P\u00fablico da Para\u00edba (MPPB) para apurar a den\u00fancia de que o prefeito de Cuit\u00e9 de Mamanguape, Genilson Dutra (PP), promoveu uma aglomera\u00e7\u00e3o durante isolamento social imposto pela pandemia do novo coronav\u00edrus.<\/p>\n\n\n\n<p>De acordo com o MP, a aglomera\u00e7\u00e3o tinha sido registrada no dia 2 de abril, durante uma festa de anivers\u00e1rio do secret\u00e1rio-adjunto de Agricultura, Samuel Andrade, em um s\u00edtio na zona rural da cidade. A portaria 43\/2020, que instaura o Procedimento Investigat\u00f3rio Criminal (PIC), foi assinada pelo 1\u00ba subprocurador-geral de Justi\u00e7a e presidente da Ccrimp, Alcides Jansen.<\/p>\n\n\n\n<p>A investiga\u00e7\u00e3o foi aberta por solicita\u00e7\u00e3o do promotor Jo\u00e3o Benjamim Delgado Neto, ap\u00f3s encontrar em not\u00edcias em portais e publica\u00e7\u00f5es em redes sociais em que o prefeito aparecia, em tese, estar em uma conduta que poderia se enquadrar no crime de \u201cinfringir determina\u00e7\u00e3o do poder p\u00fablico, destinada a impedir introdu\u00e7\u00e3o ou propaga\u00e7\u00e3o de doen\u00e7a contagiosa\u201d.<\/p>\n\n\n\n<p>\u201cA conduta praticada pelo alcaide, al\u00e9m de contrariar frontalmente as orienta\u00e7\u00f5es estabelecidas pela Organiza\u00e7\u00e3o Mundial de Sa\u00fade para o combate \u00e0 pandemia da Covid-19 (coronav\u00edrus) bem como os decretos emitidos pelo Governo Estadual, sugere a pr\u00e1tica do crime descrito no artigo 268 do C\u00f3digo Penal p\u00e1trio\u201d, diz o 1\u00ba subprocurador-geral em trecho da portaria.Ainda de acordo com a promotoria, existe a necessidade de apurar com maior detalhamento os ind\u00edcios de atos il\u00edcitos, para caracterizar ou n\u00e3o a materialidade do crime, assim como da respectiva autoria.<\/p>\n\n\n\n<p>A portaria designa os promotores de Justi\u00e7a integrantes da CCrimp para, conjunta ou separadamente, instruir o PIC, delegando-lhes atribui\u00e7\u00f5es para expedir notifica\u00e7\u00f5es, colher depoimentos, requisitar documentos e praticar todos os atos execut\u00f3rios necess\u00e1rios \u00e0 completa instru\u00e7\u00e3o do feito.<\/p>\n\n\n\n<p>Al\u00e9m disso, determinar a realiza\u00e7\u00e3o de dilig\u00eancias, como notifica\u00e7\u00e3o do investigado para tomar conhecimento da investiga\u00e7\u00e3o criminal, bem como para, querendo, oferecer defesa escrita; a juntada das certid\u00f5es atualizadas dos antecedentes criminais do investigado.<\/p>\n\n\n\n<p><em>G1 PB<\/em><\/p>\n","protected":false},"excerpt":{"rendered":"<p>Uma investiga\u00e7\u00e3o foi aberta na quinta-feira (9) pelo Minist\u00e9rio P\u00fablico da Para\u00edba (MPPB) para apurar a den\u00fancia de que o prefeito de Cuit\u00e9 de Mamanguape,&hellip; <\/p>\n","protected":false},"author":2,"featured_media":163268,"comment_status":"closed","ping_status":"closed","sticky":false,"template":"","format":"standard","meta":{"sfsi_plus_gutenberg_text_before_share":"","sfsi_plus_gutenberg_show_text_before_share":"","sfsi_plus_gutenberg_icon_type":"","sfsi_plus_gutenberg_icon_alignemt":"","sfsi_plus_gutenburg_max_per_row":"","footnotes":""},"categories":[2],"tags":[],"class_list":["post-163267","post","type-post","status-publish","format-standard","has-post-thumbnail","hentry","category-geral"],"_links":{"self":[{"href":"https:\/\/www.caririemacao.com\/1\/wp-json\/wp\/v2\/posts\/163267","targetHints":{"allow":["GET"]}}],"collection":[{"href":"https:\/\/www.caririemacao.com\/1\/wp-json\/wp\/v2\/posts"}],"about":[{"href":"https:\/\/www.caririemacao.com\/1\/wp-json\/wp\/v2\/types\/post"}],"author":[{"embeddable":true,"href":"https:\/\/www.caririemacao.com\/1\/wp-json\/wp\/v2\/users\/2"}],"replies":[{"embeddable":true,"href":"https:\/\/www.caririemacao.com\/1\/wp-json\/wp\/v2\/comments?post=163267"}],"version-history":[{"count":1,"href":"https:\/\/www.caririemacao.com\/1\/wp-json\/wp\/v2\/posts\/163267\/revisions"}],"predecessor-version":[{"id":163269,"href":"https:\/\/www.caririemacao.com\/1\/wp-json\/wp\/v2\/posts\/163267\/revisions\/163269"}],"wp:featuredmedia":[{"embeddable":true,"href":"https:\/\/www.caririemacao.com\/1\/wp-json\/wp\/v2\/media\/163268"}],"wp:attachment":[{"href":"https:\/\/www.caririemacao.com\/1\/wp-json\/wp\/v2\/media?parent=163267"}],"wp:term":[{"taxonomy":"category","embeddable":true,"href":"https:\/\/www.caririemacao.com\/1\/wp-json\/wp\/v2\/categories?post=163267"},{"taxonomy":"post_tag","embeddable":true,"href":"https:\/\/www.caririemacao.com\/1\/wp-json\/wp\/v2\/tags?post=163267"}],"curies":[{"name":"wp","href":"https:\/\/api.w.org\/{rel}","templated":true}]}}