{"id":163277,"date":"2020-04-11T07:32:07","date_gmt":"2020-04-11T10:32:07","guid":{"rendered":"http:\/\/www.caririemacao.com\/1\/?p=163277"},"modified":"2020-04-11T07:32:09","modified_gmt":"2020-04-11T10:32:09","slug":"amparo-prefeito-inacio-nobrega-conquista-importantes-adesoes-e-se-fortalece-rumo-a-reeleicao-em-2020","status":"publish","type":"post","link":"https:\/\/www.caririemacao.com\/1\/2020\/04\/11\/amparo-prefeito-inacio-nobrega-conquista-importantes-adesoes-e-se-fortalece-rumo-a-reeleicao-em-2020\/","title":{"rendered":"Amparo: Prefeito In\u00e1cio N\u00f3brega conquista importantes ades\u00f5es e se fortalece rumo a reelei\u00e7\u00e3o em 2020"},"content":{"rendered":"\n<p>O Prefeito In\u00e1cio ao longo de sua gest\u00e3o vem recebendo importantes ades\u00f5es, que somando a sua equipe, fortalecem ainda mais grupo que ir\u00e1 apoiar o gestar em busca da reelei\u00e7\u00e3o nas elei\u00e7\u00f5es de 2020.<\/p>\n\n\n\n<p>Al\u00e9m dos Suplentes de Vereador D\u00e9 Pereira, Nen\u00e9m de Cacimba de Baixo e Luciano Gordo, o prefeito In\u00e1cio recebeu ades\u00f5es tamb\u00e9m de Eduardo da Farm\u00e1cia, Kelly Sales, Z\u00e9 de Julia e Mois\u00e9s do Pelel\u00ea e o professor e ex vice-prefeito Verinaldo En\u00e9as. Todos esses eram opositores ao Prefeito In\u00e1cio em 2016 e hoje est\u00e3o junto acreditando que sua reelei\u00e7\u00e3o \u00e9 o melhor para o munic\u00edpio de Amparo.<\/p>\n\n\n\n<p>O Grupo da situa\u00e7\u00e3o vem forte nas elei\u00e7\u00f5es, O trabalho elogiado que o prefeito In\u00e1cio N\u00f3brega est\u00e1 desenvolvendo no munic\u00edpio continua atraindo as ades\u00f5es de eleitores que j\u00e1 foram oposi\u00e7\u00e3o, vereadores e lideran\u00e7as pol\u00edticas.<\/p>\n\n\n\n<p>Amparo ligado<\/p>\n","protected":false},"excerpt":{"rendered":"<p>O Prefeito In\u00e1cio ao longo de sua gest\u00e3o vem recebendo importantes ades\u00f5es, que somando a sua equipe, fortalecem ainda mais grupo que ir\u00e1 apoiar o&hellip; <\/p>\n","protected":false},"author":2,"featured_media":163278,"comment_status":"closed","ping_status":"closed","sticky":false,"template":"","format":"standard","meta":{"sfsi_plus_gutenberg_text_before_share":"","sfsi_plus_gutenberg_show_text_before_share":"","sfsi_plus_gutenberg_icon_type":"","sfsi_plus_gutenberg_icon_alignemt":"","sfsi_plus_gutenburg_max_per_row":"","footnotes":""},"categories":[2],"tags":[],"class_list":["post-163277","post","type-post","status-publish","format-standard","has-post-thumbnail","hentry","category-geral"],"_links":{"self":[{"href":"https:\/\/www.caririemacao.com\/1\/wp-json\/wp\/v2\/posts\/163277","targetHints":{"allow":["GET"]}}],"collection":[{"href":"https:\/\/www.caririemacao.com\/1\/wp-json\/wp\/v2\/posts"}],"about":[{"href":"https:\/\/www.caririemacao.com\/1\/wp-json\/wp\/v2\/types\/post"}],"author":[{"embeddable":true,"href":"https:\/\/www.caririemacao.com\/1\/wp-json\/wp\/v2\/users\/2"}],"replies":[{"embeddable":true,"href":"https:\/\/www.caririemacao.com\/1\/wp-json\/wp\/v2\/comments?post=163277"}],"version-history":[{"count":1,"href":"https:\/\/www.caririemacao.com\/1\/wp-json\/wp\/v2\/posts\/163277\/revisions"}],"predecessor-version":[{"id":163279,"href":"https:\/\/www.caririemacao.com\/1\/wp-json\/wp\/v2\/posts\/163277\/revisions\/163279"}],"wp:featuredmedia":[{"embeddable":true,"href":"https:\/\/www.caririemacao.com\/1\/wp-json\/wp\/v2\/media\/163278"}],"wp:attachment":[{"href":"https:\/\/www.caririemacao.com\/1\/wp-json\/wp\/v2\/media?parent=163277"}],"wp:term":[{"taxonomy":"category","embeddable":true,"href":"https:\/\/www.caririemacao.com\/1\/wp-json\/wp\/v2\/categories?post=163277"},{"taxonomy":"post_tag","embeddable":true,"href":"https:\/\/www.caririemacao.com\/1\/wp-json\/wp\/v2\/tags?post=163277"}],"curies":[{"name":"wp","href":"https:\/\/api.w.org\/{rel}","templated":true}]}}