{"id":163282,"date":"2020-04-11T07:34:44","date_gmt":"2020-04-11T10:34:44","guid":{"rendered":"http:\/\/www.caririemacao.com\/1\/?p=163282"},"modified":"2020-04-11T07:34:46","modified_gmt":"2020-04-11T10:34:46","slug":"um-adolescente-de-15-anos-foi-encontrado-morto-em-uma-barragem-no-municipio-de-borborema","status":"publish","type":"post","link":"https:\/\/www.caririemacao.com\/1\/2020\/04\/11\/um-adolescente-de-15-anos-foi-encontrado-morto-em-uma-barragem-no-municipio-de-borborema\/","title":{"rendered":"Um adolescente de 15 anos foi encontrado morto em uma barragem no munic\u00edpio de Borborema"},"content":{"rendered":"\n<p>Segundo o Corpo de Bombeiros, a v\u00edtima estava desaparecida desde o \u00faltimo domingo (05). Ele teria sa\u00eddo com um primo de 10 anos para ca\u00e7ar em uma localidade conhecida como Ilha da Fantasia e acabaram se perdendo um do outro.<\/p>\n\n\n\n<p>Ap\u00f3s isso, apenas o menino de 10 anos voltou para casa.<\/p>\n\n\n\n<p>A Assessora de Comunica\u00e7\u00e3o do Corpo de Bombeiros, Hayana Carneiro, relatou que o adolescente tinha uma defici\u00eancia no bra\u00e7o direito e tamb\u00e9m era portador de epilepsia. Ainda de acordo com ela, n\u00e3o h\u00e1 uma confirma\u00e7\u00e3o ainda se o caso trata-se de um afogamento:<\/p>\n\n\n\n<p>\u201cEle foi encontrado pr\u00f3ximo a essa barragem, mas somente uma per\u00edcia vai apontar de a causa da morte foi mesmo por afogamento\u201d, relatou.<\/p>\n","protected":false},"excerpt":{"rendered":"<p>Segundo o Corpo de Bombeiros, a v\u00edtima estava desaparecida desde o \u00faltimo domingo (05). Ele teria sa\u00eddo com um primo de 10 anos para ca\u00e7ar&hellip; <\/p>\n","protected":false},"author":2,"featured_media":163283,"comment_status":"closed","ping_status":"closed","sticky":false,"template":"","format":"standard","meta":{"sfsi_plus_gutenberg_text_before_share":"","sfsi_plus_gutenberg_show_text_before_share":"","sfsi_plus_gutenberg_icon_type":"","sfsi_plus_gutenberg_icon_alignemt":"","sfsi_plus_gutenburg_max_per_row":"","footnotes":""},"categories":[2],"tags":[],"class_list":["post-163282","post","type-post","status-publish","format-standard","has-post-thumbnail","hentry","category-geral"],"_links":{"self":[{"href":"https:\/\/www.caririemacao.com\/1\/wp-json\/wp\/v2\/posts\/163282","targetHints":{"allow":["GET"]}}],"collection":[{"href":"https:\/\/www.caririemacao.com\/1\/wp-json\/wp\/v2\/posts"}],"about":[{"href":"https:\/\/www.caririemacao.com\/1\/wp-json\/wp\/v2\/types\/post"}],"author":[{"embeddable":true,"href":"https:\/\/www.caririemacao.com\/1\/wp-json\/wp\/v2\/users\/2"}],"replies":[{"embeddable":true,"href":"https:\/\/www.caririemacao.com\/1\/wp-json\/wp\/v2\/comments?post=163282"}],"version-history":[{"count":1,"href":"https:\/\/www.caririemacao.com\/1\/wp-json\/wp\/v2\/posts\/163282\/revisions"}],"predecessor-version":[{"id":163284,"href":"https:\/\/www.caririemacao.com\/1\/wp-json\/wp\/v2\/posts\/163282\/revisions\/163284"}],"wp:featuredmedia":[{"embeddable":true,"href":"https:\/\/www.caririemacao.com\/1\/wp-json\/wp\/v2\/media\/163283"}],"wp:attachment":[{"href":"https:\/\/www.caririemacao.com\/1\/wp-json\/wp\/v2\/media?parent=163282"}],"wp:term":[{"taxonomy":"category","embeddable":true,"href":"https:\/\/www.caririemacao.com\/1\/wp-json\/wp\/v2\/categories?post=163282"},{"taxonomy":"post_tag","embeddable":true,"href":"https:\/\/www.caririemacao.com\/1\/wp-json\/wp\/v2\/tags?post=163282"}],"curies":[{"name":"wp","href":"https:\/\/api.w.org\/{rel}","templated":true}]}}