{"id":163285,"date":"2020-04-11T07:36:09","date_gmt":"2020-04-11T10:36:09","guid":{"rendered":"http:\/\/www.caririemacao.com\/1\/?p=163285"},"modified":"2020-04-11T07:36:12","modified_gmt":"2020-04-11T10:36:12","slug":"regularizacao-de-cpf-pode-ser-feita-pelo-site-da-receita-federal-2","status":"publish","type":"post","link":"https:\/\/www.caririemacao.com\/1\/2020\/04\/11\/regularizacao-de-cpf-pode-ser-feita-pelo-site-da-receita-federal-2\/","title":{"rendered":"Regulariza\u00e7\u00e3o de CPF pode ser feita pelo site da Receita Federal"},"content":{"rendered":"\n<p>A Receita Federal informou&nbsp;hoje&nbsp;(8) que a regulariza\u00e7\u00e3o do Cadastro de Pessoa F\u00edsica (CPF) para&nbsp;ter&nbsp;acesso ao programa de aux\u00edlio emergencial do governo federal pode ser feita no site do \u00f3rg\u00e3o a qualquer hora do dia.<\/p>\n\n\n\n<p>O esclarecimento foi feito ap\u00f3s cidad\u00e3os terem relatado dificuldades para inserir o n\u00famero do CPF no aplicativo Caixa \u2013 Aux\u00edlio Emergencial, que permitir\u00e1 o&nbsp;<a href=\"https:\/\/agenciabrasil.ebc.com.br\/geral\/noticia\/2020-04\/confira-como-pedir-renda-basica-emergencial-de-r-600\" target=\"_blank\" rel=\"noreferrer noopener\">cadastramento para receber o valor de R$ 600<\/a>&nbsp;para compensar a perda de renda decorrente da pandemia de coronav\u00edrus.<\/p>\n\n\n\n<p>Segundo a Receita, o aplicativo tem recebido um grande n\u00famero de acessos, fato que pode estar dificultando o cadastro dos benefici\u00e1rios. O \u00f3rg\u00e3o orienta que as pessoas continuem tentando realizar o cadastro ao longo do dia caso n\u00e3o seja poss\u00edvel realiz\u00e1-lo na primeira tentativa.<\/p>\n\n\n\n<p>Caso o problema persista, o cidad\u00e3o deve&nbsp;<a href=\"https:\/\/servicos.receita.fazenda.gov.br\/Servicos\/CPF\/ConsultaSituacao\/ConsultaPublica.asp\" target=\"_blank\" rel=\"noreferrer noopener\">verificar no site da Receita<\/a>&nbsp;se seu CPF est\u00e1 em situa\u00e7\u00e3o irregular.&nbsp;Caso seja&nbsp;encontrada alguma pend\u00eancia, o problema poder\u00e1 ser resolvido por meio da p\u00e1gina de servi\u00e7os do \u00f3rg\u00e3o, preenchendo o&nbsp;<a href=\"https:\/\/servicos.receita.fazenda.gov.br\/Servicos\/CPF\/alterar\/default.asp\" target=\"_blank\" rel=\"noreferrer noopener\">formul\u00e1rio eletr\u00f4nico&nbsp;\u201cAltera\u00e7\u00e3o de Dados Cadastrais no CPF\u201d<\/a>.<\/p>\n\n\n\n<p>Se a pend\u00eancia continuar, o cidad\u00e3o dever\u00e1 procurar o atendimento presencial em uma ag\u00eancia da Receita Federal.<\/p>\n\n\n\n<p>A Receita alerta ainda que, se o CPF estiver em situa\u00e7\u00e3o regular, mas o usu\u00e1rio n\u00e3o conseguir realizar o cadastro no aplicativo, o problema n\u00e3o estar\u00e1 relacionado ao \u00f3rg\u00e3o.<\/p>\n\n\n\n<p>A estimativa da Caixa \u00e9 de que 20 milh\u00f5es de trabalhadores informais n\u00e3o inscritos em programas sociais&nbsp;poder\u00e3o baixar o aplicativo que permitir\u00e1 o cadastramento para recebimento da renda b\u00e1sica emergencial. O&nbsp;aux\u00edlio \u00e9 de R$ 600 ou de R$ 1,2 mil para m\u00e3es solteiras.<\/p>\n","protected":false},"excerpt":{"rendered":"<p>A Receita Federal informou&nbsp;hoje&nbsp;(8) que a regulariza\u00e7\u00e3o do Cadastro de Pessoa F\u00edsica (CPF) para&nbsp;ter&nbsp;acesso ao programa de aux\u00edlio emergencial do governo federal pode ser feita&hellip; <\/p>\n","protected":false},"author":2,"featured_media":163286,"comment_status":"closed","ping_status":"closed","sticky":false,"template":"","format":"standard","meta":{"sfsi_plus_gutenberg_text_before_share":"","sfsi_plus_gutenberg_show_text_before_share":"","sfsi_plus_gutenberg_icon_type":"","sfsi_plus_gutenberg_icon_alignemt":"","sfsi_plus_gutenburg_max_per_row":"","footnotes":""},"categories":[2],"tags":[],"class_list":["post-163285","post","type-post","status-publish","format-standard","has-post-thumbnail","hentry","category-geral"],"_links":{"self":[{"href":"https:\/\/www.caririemacao.com\/1\/wp-json\/wp\/v2\/posts\/163285","targetHints":{"allow":["GET"]}}],"collection":[{"href":"https:\/\/www.caririemacao.com\/1\/wp-json\/wp\/v2\/posts"}],"about":[{"href":"https:\/\/www.caririemacao.com\/1\/wp-json\/wp\/v2\/types\/post"}],"author":[{"embeddable":true,"href":"https:\/\/www.caririemacao.com\/1\/wp-json\/wp\/v2\/users\/2"}],"replies":[{"embeddable":true,"href":"https:\/\/www.caririemacao.com\/1\/wp-json\/wp\/v2\/comments?post=163285"}],"version-history":[{"count":1,"href":"https:\/\/www.caririemacao.com\/1\/wp-json\/wp\/v2\/posts\/163285\/revisions"}],"predecessor-version":[{"id":163287,"href":"https:\/\/www.caririemacao.com\/1\/wp-json\/wp\/v2\/posts\/163285\/revisions\/163287"}],"wp:featuredmedia":[{"embeddable":true,"href":"https:\/\/www.caririemacao.com\/1\/wp-json\/wp\/v2\/media\/163286"}],"wp:attachment":[{"href":"https:\/\/www.caririemacao.com\/1\/wp-json\/wp\/v2\/media?parent=163285"}],"wp:term":[{"taxonomy":"category","embeddable":true,"href":"https:\/\/www.caririemacao.com\/1\/wp-json\/wp\/v2\/categories?post=163285"},{"taxonomy":"post_tag","embeddable":true,"href":"https:\/\/www.caririemacao.com\/1\/wp-json\/wp\/v2\/tags?post=163285"}],"curies":[{"name":"wp","href":"https:\/\/api.w.org\/{rel}","templated":true}]}}