{"id":163289,"date":"2020-04-11T07:37:29","date_gmt":"2020-04-11T10:37:29","guid":{"rendered":"http:\/\/www.caririemacao.com\/1\/?p=163289"},"modified":"2020-04-11T09:36:22","modified_gmt":"2020-04-11T12:36:22","slug":"ufpb-divulga-datas-para-matriculas-apos-quarentena","status":"publish","type":"post","link":"https:\/\/www.caririemacao.com\/1\/2020\/04\/11\/ufpb-divulga-datas-para-matriculas-apos-quarentena\/","title":{"rendered":"UFPB divulga datas para matr\u00edculas ap\u00f3s quarentena"},"content":{"rendered":"\n<p>A Universidade Federal da Para\u00edba (UFPB) divulgou, que informar\u00e1, ap\u00f3s a quarentena, as novas datas para matr\u00edculas de veteranos e de ingressantes via Sistema de Sele\u00e7\u00e3o Unificada (Sisu) nos cursos dos campi de Jo\u00e3o Pessoa e Mamanguape. Previstas para serem realizadas na pr\u00f3xima semana, nos dias 13 e 14, as matr\u00edculas tiveram que ser canceladas por causa do enfrentamento \u00e0&nbsp;<a href=\"https:\/\/portalcorreio.com.br\/?s=coronav%C3%ADrus\" target=\"_blank\" rel=\"noreferrer noopener\"><strong>pandemia do novo coronav\u00edrus.&nbsp;<\/strong><\/a><\/p>\n\n\n\n<p>\u201cEntendemos os desconfortos que a situa\u00e7\u00e3o de emerg\u00eancia imp\u00f5e. Mas, com o esfor\u00e7o coletivo, vamos atuar conforme o calend\u00e1rio acad\u00eamico de outras universidades\u201d, diz a pr\u00f3-reitora de gradua\u00e7\u00e3o, professora Ariane S\u00e1.<\/p>\n\n\n\n<p>O per\u00edodo 2020.1 tem previs\u00e3o de in\u00edcio para 23 de abril. Os estudantes devem ficar atentos ao Calend\u00e1rio Acad\u00eamico, hospedado no&nbsp;<a rel=\"noreferrer noopener\" href=\"http:\/\/www.prg.ufpb.br\/\" target=\"_blank\">site da Pr\u00f3-Reitoria de Gradua\u00e7\u00e3o (PRG)<\/a>. Os estudantes que realizaram a pr\u00e9-matr\u00edcula e quiserem se desvincular da UFPB devem preencher o Requerimento de Cancelamento de Matr\u00edcula, anexar um documento com foto e enviar para o e-mail&nbsp;sca@prg.ufpb.br.<\/p>\n\n\n\n<p>Portal correio<\/p>\n","protected":false},"excerpt":{"rendered":"<p>A Universidade Federal da Para\u00edba (UFPB) divulgou, que informar\u00e1, ap\u00f3s a quarentena, as novas datas para matr\u00edculas de veteranos e de ingressantes via Sistema de&hellip; <\/p>\n","protected":false},"author":2,"featured_media":163290,"comment_status":"closed","ping_status":"closed","sticky":false,"template":"","format":"standard","meta":{"sfsi_plus_gutenberg_text_before_share":"","sfsi_plus_gutenberg_show_text_before_share":"","sfsi_plus_gutenberg_icon_type":"","sfsi_plus_gutenberg_icon_alignemt":"","sfsi_plus_gutenburg_max_per_row":"","footnotes":""},"categories":[2],"tags":[],"class_list":["post-163289","post","type-post","status-publish","format-standard","has-post-thumbnail","hentry","category-geral"],"_links":{"self":[{"href":"https:\/\/www.caririemacao.com\/1\/wp-json\/wp\/v2\/posts\/163289","targetHints":{"allow":["GET"]}}],"collection":[{"href":"https:\/\/www.caririemacao.com\/1\/wp-json\/wp\/v2\/posts"}],"about":[{"href":"https:\/\/www.caririemacao.com\/1\/wp-json\/wp\/v2\/types\/post"}],"author":[{"embeddable":true,"href":"https:\/\/www.caririemacao.com\/1\/wp-json\/wp\/v2\/users\/2"}],"replies":[{"embeddable":true,"href":"https:\/\/www.caririemacao.com\/1\/wp-json\/wp\/v2\/comments?post=163289"}],"version-history":[{"count":2,"href":"https:\/\/www.caririemacao.com\/1\/wp-json\/wp\/v2\/posts\/163289\/revisions"}],"predecessor-version":[{"id":163320,"href":"https:\/\/www.caririemacao.com\/1\/wp-json\/wp\/v2\/posts\/163289\/revisions\/163320"}],"wp:featuredmedia":[{"embeddable":true,"href":"https:\/\/www.caririemacao.com\/1\/wp-json\/wp\/v2\/media\/163290"}],"wp:attachment":[{"href":"https:\/\/www.caririemacao.com\/1\/wp-json\/wp\/v2\/media?parent=163289"}],"wp:term":[{"taxonomy":"category","embeddable":true,"href":"https:\/\/www.caririemacao.com\/1\/wp-json\/wp\/v2\/categories?post=163289"},{"taxonomy":"post_tag","embeddable":true,"href":"https:\/\/www.caririemacao.com\/1\/wp-json\/wp\/v2\/tags?post=163289"}],"curies":[{"name":"wp","href":"https:\/\/api.w.org\/{rel}","templated":true}]}}