{"id":163302,"date":"2020-04-11T07:48:01","date_gmt":"2020-04-11T10:48:01","guid":{"rendered":"http:\/\/www.caririemacao.com\/1\/?p=163302"},"modified":"2020-04-11T07:48:02","modified_gmt":"2020-04-11T10:48:02","slug":"secretario-de-saude-faz-apelo-em-defesa-do-confinamento-vamos-preservar-nossos-pais","status":"publish","type":"post","link":"https:\/\/www.caririemacao.com\/1\/2020\/04\/11\/secretario-de-saude-faz-apelo-em-defesa-do-confinamento-vamos-preservar-nossos-pais\/","title":{"rendered":"Secret\u00e1rio de Sa\u00fade faz apelo em defesa do confinamento: \u2018Vamos preservar nossos pais"},"content":{"rendered":"\n<p>O secret\u00e1rio de Sa\u00fade da Para\u00edba, Geraldo Medeiros, fez um v\u00eddeo, nesta sexta-feira (10), para pedir que a popula\u00e7\u00e3o mantenha o isolamento social para evitar o Coronav\u00edrus. Geraldo Medeiros refor\u00e7a a necessidade do isolamento e ressalta que o mais importante, neste momento, \u00e9 salvar vidas.<\/p>\n\n\n\n<p>Segundo ele, a popula\u00e7\u00e3o deve evitar aglomera\u00e7\u00e3o e visitas a idosos, pois s\u00e3o as v\u00edtimas em potencial da doen\u00e7a.<\/p>\n\n\n\n<p>Fonte 83<\/p>\n","protected":false},"excerpt":{"rendered":"<p>O secret\u00e1rio de Sa\u00fade da Para\u00edba, Geraldo Medeiros, fez um v\u00eddeo, nesta sexta-feira (10), para pedir que a popula\u00e7\u00e3o mantenha o isolamento social para evitar&hellip; <\/p>\n","protected":false},"author":2,"featured_media":114314,"comment_status":"closed","ping_status":"closed","sticky":false,"template":"","format":"standard","meta":{"sfsi_plus_gutenberg_text_before_share":"","sfsi_plus_gutenberg_show_text_before_share":"","sfsi_plus_gutenberg_icon_type":"","sfsi_plus_gutenberg_icon_alignemt":"","sfsi_plus_gutenburg_max_per_row":"","footnotes":""},"categories":[2],"tags":[],"class_list":["post-163302","post","type-post","status-publish","format-standard","has-post-thumbnail","hentry","category-geral"],"_links":{"self":[{"href":"https:\/\/www.caririemacao.com\/1\/wp-json\/wp\/v2\/posts\/163302","targetHints":{"allow":["GET"]}}],"collection":[{"href":"https:\/\/www.caririemacao.com\/1\/wp-json\/wp\/v2\/posts"}],"about":[{"href":"https:\/\/www.caririemacao.com\/1\/wp-json\/wp\/v2\/types\/post"}],"author":[{"embeddable":true,"href":"https:\/\/www.caririemacao.com\/1\/wp-json\/wp\/v2\/users\/2"}],"replies":[{"embeddable":true,"href":"https:\/\/www.caririemacao.com\/1\/wp-json\/wp\/v2\/comments?post=163302"}],"version-history":[{"count":1,"href":"https:\/\/www.caririemacao.com\/1\/wp-json\/wp\/v2\/posts\/163302\/revisions"}],"predecessor-version":[{"id":163303,"href":"https:\/\/www.caririemacao.com\/1\/wp-json\/wp\/v2\/posts\/163302\/revisions\/163303"}],"wp:featuredmedia":[{"embeddable":true,"href":"https:\/\/www.caririemacao.com\/1\/wp-json\/wp\/v2\/media\/114314"}],"wp:attachment":[{"href":"https:\/\/www.caririemacao.com\/1\/wp-json\/wp\/v2\/media?parent=163302"}],"wp:term":[{"taxonomy":"category","embeddable":true,"href":"https:\/\/www.caririemacao.com\/1\/wp-json\/wp\/v2\/categories?post=163302"},{"taxonomy":"post_tag","embeddable":true,"href":"https:\/\/www.caririemacao.com\/1\/wp-json\/wp\/v2\/tags?post=163302"}],"curies":[{"name":"wp","href":"https:\/\/api.w.org\/{rel}","templated":true}]}}