{"id":163314,"date":"2020-04-11T07:55:46","date_gmt":"2020-04-11T10:55:46","guid":{"rendered":"http:\/\/www.caririemacao.com\/1\/?p=163314"},"modified":"2020-04-11T07:55:48","modified_gmt":"2020-04-11T10:55:48","slug":"mulher-de-sertania-que-morreu-em-hospital-de-arcoverde-tinha-coronavirus-revela-exame","status":"publish","type":"post","link":"https:\/\/www.caririemacao.com\/1\/2020\/04\/11\/mulher-de-sertania-que-morreu-em-hospital-de-arcoverde-tinha-coronavirus-revela-exame\/","title":{"rendered":"Mulher de Sert\u00e2nia que morreu em hospital de Arcoverde tinha coronav\u00edrus, revela exame"},"content":{"rendered":"\n<p><strong>Sert\u00e2nia confirma o primeiro caso da Covid-19 na manh\u00e3 desta sexta-feira (10). Trata-se da mulher de 60 anos que foi a \u00f3bito na \u00faltima segunda-feira (6) em Arcoverde. O resultado do exame dela deu positivo.<\/strong><\/p>\n\n\n\n<p><strong>Ela teve semana passada a confirma\u00e7\u00e3o da morte pela Prefeitura de Arcoverde no Hospital Ruy de Barros.<\/strong><\/p>\n\n\n\n<p><strong>Havia suspeita de Covid-19 pelo quadro com o qual tal deu entrada na unidade, pelos sintomas respirat\u00f3rios e demais associados.<\/strong><\/p>\n\n\n\n<p><strong>O caso n\u00e3o foi contabilizado pela Secretaria de Sa\u00fade de Arcoverde justamente porque a paciente era de outro munic\u00edpio.<\/strong><\/p>\n\n\n\n<p><strong>A Secretaria confirmou que a mulher era da zona rural de Sert\u00e2nia e possu\u00eda doen\u00e7as associadas, como diabetes. O hist\u00f3rico indica que teria vindo de S\u00e3o Paulo dias atr\u00e1s onde visitou familiares. A Secretaria de Comunica\u00e7\u00e3o.<\/strong><\/p>\n","protected":false},"excerpt":{"rendered":"<p>Sert\u00e2nia confirma o primeiro caso da Covid-19 na manh\u00e3 desta sexta-feira (10). Trata-se da mulher de 60 anos que foi a \u00f3bito na \u00faltima segunda-feira&hellip; <\/p>\n","protected":false},"author":2,"featured_media":163315,"comment_status":"closed","ping_status":"closed","sticky":false,"template":"","format":"standard","meta":{"sfsi_plus_gutenberg_text_before_share":"","sfsi_plus_gutenberg_show_text_before_share":"","sfsi_plus_gutenberg_icon_type":"","sfsi_plus_gutenberg_icon_alignemt":"","sfsi_plus_gutenburg_max_per_row":"","footnotes":""},"categories":[2],"tags":[],"class_list":["post-163314","post","type-post","status-publish","format-standard","has-post-thumbnail","hentry","category-geral"],"_links":{"self":[{"href":"https:\/\/www.caririemacao.com\/1\/wp-json\/wp\/v2\/posts\/163314","targetHints":{"allow":["GET"]}}],"collection":[{"href":"https:\/\/www.caririemacao.com\/1\/wp-json\/wp\/v2\/posts"}],"about":[{"href":"https:\/\/www.caririemacao.com\/1\/wp-json\/wp\/v2\/types\/post"}],"author":[{"embeddable":true,"href":"https:\/\/www.caririemacao.com\/1\/wp-json\/wp\/v2\/users\/2"}],"replies":[{"embeddable":true,"href":"https:\/\/www.caririemacao.com\/1\/wp-json\/wp\/v2\/comments?post=163314"}],"version-history":[{"count":1,"href":"https:\/\/www.caririemacao.com\/1\/wp-json\/wp\/v2\/posts\/163314\/revisions"}],"predecessor-version":[{"id":163316,"href":"https:\/\/www.caririemacao.com\/1\/wp-json\/wp\/v2\/posts\/163314\/revisions\/163316"}],"wp:featuredmedia":[{"embeddable":true,"href":"https:\/\/www.caririemacao.com\/1\/wp-json\/wp\/v2\/media\/163315"}],"wp:attachment":[{"href":"https:\/\/www.caririemacao.com\/1\/wp-json\/wp\/v2\/media?parent=163314"}],"wp:term":[{"taxonomy":"category","embeddable":true,"href":"https:\/\/www.caririemacao.com\/1\/wp-json\/wp\/v2\/categories?post=163314"},{"taxonomy":"post_tag","embeddable":true,"href":"https:\/\/www.caririemacao.com\/1\/wp-json\/wp\/v2\/tags?post=163314"}],"curies":[{"name":"wp","href":"https:\/\/api.w.org\/{rel}","templated":true}]}}