{"id":163326,"date":"2020-04-11T10:41:26","date_gmt":"2020-04-11T13:41:26","guid":{"rendered":"http:\/\/www.caririemacao.com\/1\/?p=163326"},"modified":"2020-04-11T10:41:28","modified_gmt":"2020-04-11T13:41:28","slug":"coronavirus-dados-apontam-que-a-pandemia-e-mais-letal-entre-negros-no-brasil","status":"publish","type":"post","link":"https:\/\/www.caririemacao.com\/1\/2020\/04\/11\/coronavirus-dados-apontam-que-a-pandemia-e-mais-letal-entre-negros-no-brasil\/","title":{"rendered":"Coronav\u00edrus: dados apontam que a pandemia \u00e9 mais letal entre negros no Brasil"},"content":{"rendered":"\n<p>A Covid-19 tem se mostrado mais letal entre negros do que entre brancos, segundo dados divulgados nesta sexta (10) pelo Minist\u00e9rio da Sa\u00fade.<\/p>\n\n\n\n<p>Embora minorit\u00e1rios entre os registros de afetados pela doen\u00e7a, pretos e pardos representam quase 1 em cada 4 dos brasileiros hospitalizados com S\u00edndrome Respirat\u00f3ria Aguda Grave (23,1%) mas chegam a 1 em cada 3 entre os mortos por Covid-19 (32,8%).<\/p>\n\n\n\n<p>Com os brancos, ocorre o contr\u00e1rio: s\u00e3o 73,9% entre aqueles hospitalizados com Covid-19, mas 64,5% entre os mortos.<\/p>\n\n\n\n<p>\u201cChama a aten\u00e7\u00e3o essa diferen\u00e7a de 10 pontos percentuais entre negros hospitalizados e negros mortos pela Covid-19\u201d, diz Denize Ornelas, diretora da Sociedade Brasileira de Medicina de Fam\u00edlia e Comunidade.<\/p>\n\n\n\n<p>\u201cOu seja, se as chances de morte pela doen\u00e7a n\u00e3o dependem de ra\u00e7a ou cor, tem algo errado, uma outra influ\u00eancia neste resultado, seja o tipo de tratamento oferecido, seja alguma outra comorbidade que as pessoas negras tenham.\u201d<\/p>\n\n\n\n<p>A diferen\u00e7a de letalidade entre brancos e negros pode ser maior j\u00e1 que, do total de 1.056 \u00f3bitos pela doen\u00e7a contabilizados, 32% n\u00e3o tiveram a cor\/ra\u00e7a da v\u00edtima registrada. \u201cO fato de n\u00e3o existir um ter\u00e7o da informa\u00e7\u00e3o sobre os \u00f3bitos \u00e9 algo grave e indica que o Minist\u00e9rio da Sa\u00fade tem falhado ao orientar os profissionais no preenchimento dos dados relativos \u00e0 Covid-19\u201d, avalia Ornelas.<\/p>\n\n\n\n<p>Segundo ela, esses dados refletem a primeira onda de contaminados pelo novo coronav\u00edrus: pessoas de alto poder aquisitivo, que viajaram para fora do pa\u00eds e voltaram com o v\u00edrus. \u201cS\u00e3o pessoas majoritariamente brancas e que tiveram acesso aos testes e a servi\u00e7os hospitalares\u201d, diz.<\/p>\n\n\n\n<p>De acordo com a Sociedade Brasileira de Medicina de Fam\u00edlia e Comunidade, 67% dos brasileiros que dependem exclusivamente do SUS (Sistema \u00danico de Sa\u00fade) s\u00e3o negros, e estes tamb\u00e9m s\u00e3o maioria dos pacientes com diabetes, tuberculose, hipertens\u00e3o e doen\u00e7as renais cr\u00f4nicas no pa\u00eds -todos considerados agravantes para o desenvolvimento de quadros mais gravosos da Covid-19.<\/p>\n\n\n\n<p>Ornelas avalia que, como a onda de manifesta\u00e7\u00e3o da doen\u00e7a entre pessoas perif\u00e9ricas come\u00e7ou no in\u00edcio do abril, e isso ocorreu concomitantemente ao que chamou de \u201cblecaute\u201d na disponibilidade de testes, o quadro atual pode ser mais grave do que aquele apresentado pelos dados. Apenas em S\u00e3o Paulo h\u00e1 uma fila de ao menos 17 mil testes aguardando processamento.<\/p>\n\n\n\n<figure class=\"wp-block-image\"><img decoding=\"async\" data-src=\"https:\/\/paraibaonline.com.br\/wp-content\/uploads\/2020\/04\/teste-rapido-covid0804-567x339.jpg\" alt=\"Foto: Ag\u00eancia Brasil\" class=\"wp-image-848719 lazyload\" src=\"data:image\/svg+xml;base64,PHN2ZyB3aWR0aD0iMSIgaGVpZ2h0PSIxIiB4bWxucz0iaHR0cDovL3d3dy53My5vcmcvMjAwMC9zdmciPjwvc3ZnPg==\" style=\"--smush-placeholder-width: 567px; --smush-placeholder-aspect-ratio: 567\/339;\" \/><\/figure>\n\n\n\n<p>Foto: Ag\u00eancia Brasil<\/p>\n\n\n\n<p>Para Luis Eduardo Batista, pesquisador do Instituto da Sa\u00fade da Secretaria de Sa\u00fade do Estado de S\u00e3o Paulo e membro do grupo de trabalho de racismo e sa\u00fade da Abrasco (Associa\u00e7\u00e3o Brasileira de Sa\u00fade Coletiva), os dados atuais j\u00e1 indicam que o coronav\u00edrus chegou \u00e0s periferias antes do que se pensava.<\/p>\n\n\n\n<p>\u201cCom 20 dias desde o primeiro \u00f3bito, termos 32% das mortes entre pessoas negras indica que o isolamento social n\u00e3o retardou a chegada do coronav\u00edrus nas periferias como esper\u00e1vamos\u201d, diz. \u201cA epidemia come\u00e7ou com uma elite, majoritariamente branca, mas que tem sua cozinheira, sua faxineira, seus cuidadores, majoritariamente negros.\u201d<\/p>\n\n\n\n<p>Para a assistente social L\u00facia Xavier, diretora da ONG de mulheres negras Criola, organiza\u00e7\u00e3o que integra a Coaliz\u00e3o Negra por Direitos, os dados do Minist\u00e9rio da Sa\u00fade s\u00e3o um \u201csinal vermelho\u201d sobre os efeitos da pandemia entre os negros no pa\u00eds.<\/p>\n\n\n\n<p>\u201cA pandemia atingiu inicialmente uma popula\u00e7\u00e3o com condi\u00e7\u00f5es muito favor\u00e1veis e foi dura mesmo neste grupo de pessoas brancas, ricas e com amplo acesso \u00e0 sa\u00fade. \u00c9 assustador pensar nos seus efeitos sobre a popula\u00e7\u00e3o negra, que tem p\u00e9ssimas condi\u00e7\u00f5es de vida e comorbidades associadas\u201d, diz.<\/p>\n\n\n\n<p>Segundo ela, boa parte dessas comorbidades s\u00e3o ligadas a quest\u00f5es sociais, como a falta de saneamento b\u00e1sico, e agravadas pelas desigualdades raciais, como condi\u00e7\u00f5es prec\u00e1rias de moradia, que favorecem doen\u00e7as como a tuberculose, ou alimenta\u00e7\u00e3o inadequada, que promove doen\u00e7as como diabetes e hipertens\u00e3o arterial.<\/p>\n\n\n\n<p>\u201cEssas condi\u00e7\u00f5es socioecon\u00f4micas v\u00e3o gerando maior vulnerabilidade em sa\u00fade que vai pesar muito durante a pandemia\u201d, avalia.<\/p>\n\n\n\n<p>Al\u00e9m disso, afirma Xavier, quando os negros adoecerem, eles encontrar\u00e3o um sistema de sa\u00fade que vem sendo esgar\u00e7ado h\u00e1 muito tempo. \u201cIsso significa a popula\u00e7\u00e3o negra, em muitos casos, pode nem alcan\u00e7ar esse servi\u00e7o.\u201d<\/p>\n\n\n\n<p>Nos EUA, o novo coronav\u00edrus est\u00e1 matando negros em taxas mais elevadas do que na popula\u00e7\u00e3o em geral. E autoridades interpretam que o fato se deva \u00e0s disparidades no acesso a cuidados e atendimento de sa\u00fade -o que poder\u00e1 ocorrer tamb\u00e9m no Brasil.<\/p>\n\n\n\n<p>Na quarta-feira (8), a Coaliz\u00e3o Negra Por Direitos entrou com pedido, via Lei de Acesso \u00e0 Informa\u00e7\u00e3o, para que o minist\u00e9rio da Sa\u00fade divulgasse os dados relativos \u00e0 pandemia do coronav\u00edrus com recortes de ra\u00e7a, g\u00eanero e localiza\u00e7\u00e3o.<\/p>\n\n\n\n<p>O pedido tamb\u00e9m foi feito pelo Grupo de Trabalho de Sa\u00fade da Popula\u00e7\u00e3o Negra da SBMFC, que pressiona as autoridades sanit\u00e1rias para que os dados sobre as mortes e casos de SRAG (S\u00edndrome Respirat\u00f3ria Aguda Grave) sejam desagregados por bairros nos munic\u00edpios.<\/p>\n","protected":false},"excerpt":{"rendered":"<p>A Covid-19 tem se mostrado mais letal entre negros do que entre brancos, segundo dados divulgados nesta sexta (10) pelo Minist\u00e9rio da Sa\u00fade. Embora minorit\u00e1rios&hellip; <\/p>\n","protected":false},"author":2,"featured_media":163126,"comment_status":"closed","ping_status":"closed","sticky":false,"template":"","format":"standard","meta":{"sfsi_plus_gutenberg_text_before_share":"","sfsi_plus_gutenberg_show_text_before_share":"","sfsi_plus_gutenberg_icon_type":"","sfsi_plus_gutenberg_icon_alignemt":"","sfsi_plus_gutenburg_max_per_row":"","footnotes":""},"categories":[50,16],"tags":[],"class_list":["post-163326","post","type-post","status-publish","format-standard","has-post-thumbnail","hentry","category-destaque","category-saude"],"_links":{"self":[{"href":"https:\/\/www.caririemacao.com\/1\/wp-json\/wp\/v2\/posts\/163326","targetHints":{"allow":["GET"]}}],"collection":[{"href":"https:\/\/www.caririemacao.com\/1\/wp-json\/wp\/v2\/posts"}],"about":[{"href":"https:\/\/www.caririemacao.com\/1\/wp-json\/wp\/v2\/types\/post"}],"author":[{"embeddable":true,"href":"https:\/\/www.caririemacao.com\/1\/wp-json\/wp\/v2\/users\/2"}],"replies":[{"embeddable":true,"href":"https:\/\/www.caririemacao.com\/1\/wp-json\/wp\/v2\/comments?post=163326"}],"version-history":[{"count":1,"href":"https:\/\/www.caririemacao.com\/1\/wp-json\/wp\/v2\/posts\/163326\/revisions"}],"predecessor-version":[{"id":163327,"href":"https:\/\/www.caririemacao.com\/1\/wp-json\/wp\/v2\/posts\/163326\/revisions\/163327"}],"wp:featuredmedia":[{"embeddable":true,"href":"https:\/\/www.caririemacao.com\/1\/wp-json\/wp\/v2\/media\/163126"}],"wp:attachment":[{"href":"https:\/\/www.caririemacao.com\/1\/wp-json\/wp\/v2\/media?parent=163326"}],"wp:term":[{"taxonomy":"category","embeddable":true,"href":"https:\/\/www.caririemacao.com\/1\/wp-json\/wp\/v2\/categories?post=163326"},{"taxonomy":"post_tag","embeddable":true,"href":"https:\/\/www.caririemacao.com\/1\/wp-json\/wp\/v2\/tags?post=163326"}],"curies":[{"name":"wp","href":"https:\/\/api.w.org\/{rel}","templated":true}]}}