{"id":163331,"date":"2020-04-11T10:45:38","date_gmt":"2020-04-11T13:45:38","guid":{"rendered":"http:\/\/www.caririemacao.com\/1\/?p=163331"},"modified":"2020-04-11T10:45:40","modified_gmt":"2020-04-11T13:45:40","slug":"covid-19-barba-dificulta-vedacao-de-mascaras-diz-infectologista","status":"publish","type":"post","link":"https:\/\/www.caririemacao.com\/1\/2020\/04\/11\/covid-19-barba-dificulta-vedacao-de-mascaras-diz-infectologista\/","title":{"rendered":"Covid-19: barba dificulta veda\u00e7\u00e3o de m\u00e1scaras, diz infectologista"},"content":{"rendered":"\n<p><br>Durante mais de 20 anos, o empres\u00e1rio e condutor ambiental Fl\u00e1vio Moreira Barbosa, 49 anos, via sempre, ao se olhar no espelho, a imagem de um cara barbudo. Deixava a barba crescer at\u00e9 a namorada come\u00e7ar a reclamar, para, enfim, apar\u00e1-la, dizendo que n\u00e3o a tirava completamente por se tratar de uma promessa. A preocupa\u00e7\u00e3o com o novo coronav\u00edrus, no entanto, fez com que Fl\u00e1vio abandonasse a barba antes mesmo de a promessa ser cumprida.<\/p>\n\n\n\n<p>\u201cComecei a cogitar tirar a barba ao ver algumas mat\u00e9rias jornal\u00edsticas com infectologistas dizendo que ela aumenta o risco de contamina\u00e7\u00e3o pela covid-19\u201d, disse \u00e0&nbsp;Ag\u00eancia Brasil. Segundo ele, a decis\u00e3o n\u00e3o foi imediata porque, em outras mat\u00e9rias jornal\u00edsticas, havia especialistas que diziam o contr\u00e1rio. \u201cVia das d\u00favidas, optei por tirar. Afinal, \u00e9 uma seguran\u00e7a a mais\u201d.<\/p>\n\n\n\n<p>A decis\u00e3o de Fl\u00e1vio foi acertada, segundo a m\u00e9dica Eliana Bicudo, assessora t\u00e9cnica da Sociedade Brasileira de Infectologia (SBI). \u201cA gente sabe que o v\u00edrus sobrevive no cabelo e na barba. Tanto \u00e9 que, entre os equipamentos de prote\u00e7\u00e3o individual (EPI) usados por profissionais de sa\u00fade, est\u00e3o a touca e a m\u00e1scara\u201d, disse ela.<\/p>\n\n\n\n<p>Segundo Eliane, o maior problema da barba est\u00e1 relacionado ao uso da m\u00e1scara de prote\u00e7\u00e3o, uma vez que dificulta a veda\u00e7\u00e3o no rosto. \u201cA m\u00e1scara precisa estar bem firme, vedada e ajustada ao rosto. Com barba, isso, no m\u00ednimo, fica dif\u00edcil. Por esse motivo, os profissionais que lidam com a covid-19 n\u00e3o podem ter barba\u201d, acrescenta.<\/p>\n\n\n\n<figure class=\"wp-block-image\"><img decoding=\"async\" data-src=\"https:\/\/paraibaonline.com.br\/wp-content\/uploads\/2020\/04\/CORONA-BARBA-567x339.jpg\" alt=\"Foto: Marcello Casal Jr\/Ag\u00eancia Brasil\" class=\"wp-image-849370 lazyload\" src=\"data:image\/svg+xml;base64,PHN2ZyB3aWR0aD0iMSIgaGVpZ2h0PSIxIiB4bWxucz0iaHR0cDovL3d3dy53My5vcmcvMjAwMC9zdmciPjwvc3ZnPg==\" style=\"--smush-placeholder-width: 567px; --smush-placeholder-aspect-ratio: 567\/339;\" \/><\/figure>\n\n\n\n<p>Foto: Marcello Casal Jr\/Ag\u00eancia Brasil<\/p>\n\n\n\n<p><strong>Aparentes contradi\u00e7\u00f5es<\/strong><\/p>\n\n\n\n<p>Sobre o motivo de alguns especialistas terem minimizado o risco, conforme Fl\u00e1vio, a infectologista explica que essas aparentes contradi\u00e7\u00f5es ocorreram no in\u00edcio da pandemia, quando n\u00e3o se vislumbrava a necessidade de uso constante de m\u00e1scara, algo que tem sido cada vez mais indicado.<\/p>\n\n\n\n<p>De acordo com Eliana, o cidad\u00e3o comum at\u00e9 pode&nbsp;ter&nbsp;barba, mas \u00e9 fundamental que tenha ci\u00eancia de que ela dificulta uma veda\u00e7\u00e3o adequada da m\u00e1scara.<\/p>\n\n\n\n<p>\u201cAl\u00e9m disso, quem n\u00e3o tem h\u00e1bito de usar mascara fica toda hora colocando a m\u00e3o nela para ajust\u00e1-la ao rosto, e isso \u00e9 ainda mais comum no caso de pessoas com barba. O risco \u00e9 grande porque, se a m\u00e3o estiver contaminada, contamina tamb\u00e9m m\u00e1scara, barba, boca\u201d, diz.<\/p>\n\n\n\n<p>De fato, o uso da m\u00e1scara incomodava o Fl\u00e1vio, quando ainda tinha visual barbudo. \u201cEra dif\u00edcil mant\u00ea-la colada ao rosto. A todo momento, eu tinha de ajeit\u00e1-la\u201d.<\/p>\n\n\n\n<p>A vulnerabilidade maior, segundo Eliana, \u00e9 na lateral do rosto e na parte abaixo do queixo. Quando a barba \u00e9 mais fina e limitada aos arredores da boca, o risco \u00e9 menor, caso a m\u00e1scara contorne em 360 graus os pelos.<\/p>\n\n\n\n<p><strong>M\u00e1scaras<\/strong><\/p>\n\n\n\n<p>No caso de quem est\u00e1 com a doen\u00e7a ou no dos assintom\u00e1ticos, o ideal s\u00e3o as m\u00e1scaras cir\u00fargicas ou a N95. A de pano \u00e9 recomendada para a popula\u00e7\u00e3o, na tentativa de funcionar como mais uma barreira contra o v\u00edrus.<\/p>\n\n\n\n<p>Uma pessoa doente tem de estar atenta para trocar, tanto a m\u00e1scara cir\u00fargica quanto a de pano, a cada duas horas, porque estudos mostram que as got\u00edculas atravessam a m\u00e1scara, quando j\u00e1 molhada por causa de tosses, espirros ou mesmo por causa da fala.<\/p>\n\n\n\n<p>\u201cA gente sabe que a transmiss\u00e3o se faz por got\u00edculas, que ficam no ambiente ap\u00f3s falas, espirros ou tosse, e por contato. O v\u00edrus sobrevive por longo tempo nessas got\u00edculas\u201d, explica a infectologista ao destacar que n\u00e3o apenas os barbudos, mas todos t\u00eam de estar atentos principalmente \u00e0 higieniza\u00e7\u00e3o das m\u00e3os e \u00e0 dist\u00e2ncia m\u00ednima de 1 metro entre as pessoas.<\/p>\n\n\n\n<p><strong>\u201cLargad\u00f5es\u201d preocupados<\/strong><\/p>\n\n\n\n<p>Como trabalha com turismo, Fl\u00e1vio est\u00e1 sempre conversando com pessoas, tanto de fora quanto do interior do estado. Dono da Destino Adventure \u2013 empresa localizada no munic\u00edpio de Porto Nacional, a 64 quil\u00f4metros de Palmas, no Tocantins, que faz pacotes tur\u00edsticos para regi\u00f5es como Jalap\u00e3o, Ilha do Bananal e algumas unidades de conserva\u00e7\u00e3o \u2013 ele diz perceber que muitas pessoas tiveram preocupa\u00e7\u00e3o similar \u00e0 dele e acabaram deixando de adotar a barba como visual.<\/p>\n\n\n\n<p>\u201cO povo que, a meu exemplo, anda muito no mato tende a ser mais largad\u00e3o e costuma deixar a barba crescer. No entanto, na medida em que o v\u00edrus foi avan\u00e7ando, vi cada vez menos pessoas com esse visual. No nosso grupo de whatsApp, pelo menos dez deles j\u00e1 tiraram a barba por precau\u00e7\u00e3o\u201d, conta&nbsp; o condutor ambiental.<\/p>\n\n\n\n<p>Fl\u00e1vio diz que n\u00e3o foi f\u00e1cil a mudan\u00e7a de visual. \u201cForam mais de 20 anos usando barba. J\u00e1 fazia parte do meu rosto. Realmente, a preocupa\u00e7\u00e3o falou mais alto porque \u00e9 uma doen\u00e7a assustadora. Por mais \u00e1lcool em gel que a gente passe, continuamos vulner\u00e1veis. Foi uma decis\u00e3o dif\u00edcil, por\u00e9m necess\u00e1ria\u201d, disse ele ap\u00f3s a reportagem inform\u00e1-lo de que os especialistas consultados pela&nbsp;Ag\u00eancia Brasil&nbsp;chancelavam sua decis\u00e3o.<\/p>\n\n\n\n<p>\u201cClaro que agora, ao olhar no espelho, acho estranho. Pare\u00e7o outra pessoa. Mas o lado bom \u00e9 que, al\u00e9m de menos vulner\u00e1vel \u00e0 doen\u00e7a, pare\u00e7o agora mais novo\u201d.<\/p>\n","protected":false},"excerpt":{"rendered":"<p>Durante mais de 20 anos, o empres\u00e1rio e condutor ambiental Fl\u00e1vio Moreira Barbosa, 49 anos, via sempre, ao se olhar no espelho, a imagem de&hellip; <\/p>\n","protected":false},"author":2,"featured_media":151793,"comment_status":"closed","ping_status":"closed","sticky":false,"template":"","format":"standard","meta":{"sfsi_plus_gutenberg_text_before_share":"","sfsi_plus_gutenberg_show_text_before_share":"","sfsi_plus_gutenberg_icon_type":"","sfsi_plus_gutenberg_icon_alignemt":"","sfsi_plus_gutenburg_max_per_row":"","footnotes":""},"categories":[50,2],"tags":[],"class_list":["post-163331","post","type-post","status-publish","format-standard","has-post-thumbnail","hentry","category-destaque","category-geral"],"_links":{"self":[{"href":"https:\/\/www.caririemacao.com\/1\/wp-json\/wp\/v2\/posts\/163331","targetHints":{"allow":["GET"]}}],"collection":[{"href":"https:\/\/www.caririemacao.com\/1\/wp-json\/wp\/v2\/posts"}],"about":[{"href":"https:\/\/www.caririemacao.com\/1\/wp-json\/wp\/v2\/types\/post"}],"author":[{"embeddable":true,"href":"https:\/\/www.caririemacao.com\/1\/wp-json\/wp\/v2\/users\/2"}],"replies":[{"embeddable":true,"href":"https:\/\/www.caririemacao.com\/1\/wp-json\/wp\/v2\/comments?post=163331"}],"version-history":[{"count":1,"href":"https:\/\/www.caririemacao.com\/1\/wp-json\/wp\/v2\/posts\/163331\/revisions"}],"predecessor-version":[{"id":163332,"href":"https:\/\/www.caririemacao.com\/1\/wp-json\/wp\/v2\/posts\/163331\/revisions\/163332"}],"wp:featuredmedia":[{"embeddable":true,"href":"https:\/\/www.caririemacao.com\/1\/wp-json\/wp\/v2\/media\/151793"}],"wp:attachment":[{"href":"https:\/\/www.caririemacao.com\/1\/wp-json\/wp\/v2\/media?parent=163331"}],"wp:term":[{"taxonomy":"category","embeddable":true,"href":"https:\/\/www.caririemacao.com\/1\/wp-json\/wp\/v2\/categories?post=163331"},{"taxonomy":"post_tag","embeddable":true,"href":"https:\/\/www.caririemacao.com\/1\/wp-json\/wp\/v2\/tags?post=163331"}],"curies":[{"name":"wp","href":"https:\/\/api.w.org\/{rel}","templated":true}]}}