{"id":163334,"date":"2020-04-11T10:48:29","date_gmt":"2020-04-11T13:48:29","guid":{"rendered":"http:\/\/www.caririemacao.com\/1\/?p=163334"},"modified":"2020-04-11T10:48:31","modified_gmt":"2020-04-11T13:48:31","slug":"saude-libera-recurso-extra-para-municipios-no-combate-ao-covid-19-veja-quanto-receberao-as-cidades-do-cariri","status":"publish","type":"post","link":"https:\/\/www.caririemacao.com\/1\/2020\/04\/11\/saude-libera-recurso-extra-para-municipios-no-combate-ao-covid-19-veja-quanto-receberao-as-cidades-do-cariri\/","title":{"rendered":"Sa\u00fade libera recurso extra para munic\u00edpios no combate ao Covid-19; VEJA QUANTO RECEBER\u00c3O AS CIDADES DO CARIRI"},"content":{"rendered":"\n<p>O Minist\u00e9rio da Sa\u00fade liberou mais R$ 4 bilh\u00f5es extras para estados e munic\u00edpios refor\u00e7arem suas a\u00e7\u00f5es de combate ao coronav\u00edrus. O valor \u00e9 um adicional ao que j\u00e1 recebem para custeio de a\u00e7\u00f5es e servi\u00e7os relacionados \u00e0 sa\u00fade. Todos os estados e munic\u00edpios brasileiros foram contemplados e j\u00e1 est\u00e3o com o valor em conta. A portaria foi publicada nesta quinta-feira (9) em&nbsp;<a href=\"http:\/\/pesquisa.in.gov.br\/imprensa\/jsp\/visualiza\/index.jsp?data=09\/04\/2020&amp;jornal=600&amp;pagina=60&amp;totalArquivos=90\">edi\u00e7\u00e3o extra do Di\u00e1rio Oficial da Uni\u00e3o<\/a>.<\/p>\n\n\n\n<p>Com os recursos, estados e munic\u00edpios ter\u00e3o mais f\u00f4lego financeiro em caixa para aquisi\u00e7\u00e3o de materiais e insumos, abertura de leitos, al\u00e9m do custeio de profissionais de sa\u00fade, a\u00e7\u00f5es e procedimentos, de acordo com a necessidade local, para enfrentamento espec\u00edfico ao coronav\u00edrus.<\/p>\n\n\n\n<p>O valor destinado corresponde a uma parcela mensal do que cada estado ou munic\u00edpio j\u00e1 recebe para a\u00e7\u00f5es de m\u00e9dia e alta complexidade ou aten\u00e7\u00e3o prim\u00e1ria. De acordo com a portaria, munic\u00edpios que recebem recursos para m\u00e9dia e alta complexidade ter\u00e3o direito a uma parcela mensal extra, em igual valor. Os que n\u00e3o recebem, ter\u00e3o direito ao valor repassado para a aten\u00e7\u00e3o prim\u00e1ria, tamb\u00e9m em igual quantia.<\/p>\n\n\n\n<p>O Governo da Para\u00edba \u00e9 quem menos vai receber, entre os estados do Nordeste, repasses do novo aporte anunciado pelo Minist\u00e9rio da Sa\u00fade para combater o novo coronav\u00edrus. O estado receber\u00e1 aproximadamente R$ 11 milh\u00f5es. J\u00e1 os munic\u00edpios paraibanos receber\u00e3o cerca de R$ 58 milh\u00f5es. A portaria, assinada pelo ministro Henrique Mandetta, autoriza R$ 4 bilh\u00f5es para governos estaduais e municipais usarem no combate \u00e0 Covid-19.<\/p>\n\n\n\n<p>Junco do Serid\u00f3, munic\u00edpio localizado na regi\u00e3o do Vale do Sabugi, \u00e9 uma das quatro cidades paraibanas que j\u00e1 registraram ao menos uma morte em decorr\u00eancia do novo coronav\u00edrus. A v\u00edtima foi uma idosa de 86 anos, que faleceu no \u00faltimo s\u00e1bado, dia 4 de abril. O munic\u00edpio que tem cerca sete mil habitantes receber\u00e1 apenas R$ 85,49 (oitenta e cinco reais e quarenta e nove centavos), que ser\u00e3o usados pela gest\u00e3o municipal para a realiza\u00e7\u00e3o de a\u00e7\u00f5es.<\/p>\n\n\n\n<p>Na regi\u00e3o do Cariri, os munic\u00edpios de Monteiro e Sum\u00e9 receber\u00e3o os maiores repasses do Minist\u00e9rio da Sa\u00fade. Ambas receber\u00e3o respectivamente R$ 922.179,76 e R$ 468.739,34. J\u00e1 Zabel\u00ea foi o munic\u00edpio da regi\u00e3o que teve a menor libera\u00e7\u00e3o por parte do Minist\u00e9rio da Sa\u00fade, recebendo apenas R$ 192,47 (cento e noventa e dois reais e quarenta e sete centavos).<\/p>\n\n\n\n<p><strong><a href=\"https:\/\/www.saude.gov.br\/images\/pdf\/2020\/April\/09\/Portaria-recursos-MAC-PAB.pdf\" target=\"_blank\" rel=\"noreferrer noopener\">Confira a lista dos valores para cada munic\u00edpio da Para\u00edba<\/a><\/strong><\/p>\n\n\n\n<p><strong>Confira os valores distribu\u00eddos para os munic\u00edpios da regi\u00e3o do Cariri paraibano:<\/strong><\/p>\n\n\n\n<p>PB 250053 ALCANTIL Municipal 93.973,76<br>PB 250073 AMPARO Municipal 203,12<br>PB 250135 ASSUN\u00c7\u00c3O Municipal 7.502,12<br>PB 250157 BARRA DE SANTANA Municipal 77.554,15<br>PB 250170 BARRA DE S\u00c3O MIGUEL Municipal 3.802,24<br>PB 250215 BOA VISTA Municipal 1.141,96<br>PB 250250 BOQUEIR\u00c3O Municipal 189.120,85<br>PB 250310 CABACEIRAS Municipal 24.691,02<br>PB 250390 CAMALA\u00da Municipal 638,97<br>PB 250407 CARA\u00daBAS Municipal 2.412,45<br>PB 250435 CATURIT\u00c9 Municipal 27.381,66<br>PB 250470 CONGO Municipal 1.484,55<br>PB 250485 COXIXOLA Municipal 1.035,07<br>PB 250650 GURJ\u00c3O Municipal 1.138,26<br>PB 250770 JUAZEIRINHO Municipal 125.298,03<br>PB 250780 JUNCO DO SERID\u00d3 Municipal 85,49<br>PB 250850 LIVRAMENTO Municipal 27.457,89<br>PB 250970 MONTEIRO Municipal 922.179,76<br>PB 251060 OURO VELHO Municipal 3.036,05<br>PB 251065 PARARI Municipal 230,81<br>PB 251220 PRATA Municipal 30.850,46<br>PB 251278 RIACHO DE SANTO ANT\u00d4NIO Municipal 14.781,40<br>PB 251385 SANTO ANDR\u00c9 Municipal 2.521,13<br>PB 251394 S\u00c3O DOMINGOS DO CARIRI Municipal 394,30<br>PB 251400 S\u00c3O JO\u00c3O DO CARIRI Municipal 59.869,91<br>PB 251410 S\u00c3O JO\u00c3O DO TIGRE Municipal 827,27<br>PB 251480 S\u00c3O JOS\u00c9 DOS CORDEIROS Municipal 351,82<br>PB 251520 S\u00c3O SEBASTI\u00c3O DO UMBUZEIRO Municipal 531,47<br>PB 251550 SERRA BRANCA Municipal 134.787,38<br>PB 251610 SOLEDADE Municipal 160.542,47<br>PB 251630 SUM\u00c9 Municipal 468.739,34<br>PB 251650 TAPERO\u00c1 Municipal 70.641,00<br>PB 251740 ZABEL\u00ca Municipal 192,47<\/p>\n\n\n\n<p><strong>De Olho no Cariri<\/strong><\/p>\n","protected":false},"excerpt":{"rendered":"<p>O Minist\u00e9rio da Sa\u00fade liberou mais R$ 4 bilh\u00f5es extras para estados e munic\u00edpios refor\u00e7arem suas a\u00e7\u00f5es de combate ao coronav\u00edrus. O valor \u00e9 um&hellip; <\/p>\n","protected":false},"author":2,"featured_media":152938,"comment_status":"closed","ping_status":"closed","sticky":false,"template":"","format":"standard","meta":{"sfsi_plus_gutenberg_text_before_share":"","sfsi_plus_gutenberg_show_text_before_share":"","sfsi_plus_gutenberg_icon_type":"","sfsi_plus_gutenberg_icon_alignemt":"","sfsi_plus_gutenburg_max_per_row":"","footnotes":""},"categories":[6,50],"tags":[],"class_list":["post-163334","post","type-post","status-publish","format-standard","has-post-thumbnail","hentry","category-cidades","category-destaque"],"_links":{"self":[{"href":"https:\/\/www.caririemacao.com\/1\/wp-json\/wp\/v2\/posts\/163334","targetHints":{"allow":["GET"]}}],"collection":[{"href":"https:\/\/www.caririemacao.com\/1\/wp-json\/wp\/v2\/posts"}],"about":[{"href":"https:\/\/www.caririemacao.com\/1\/wp-json\/wp\/v2\/types\/post"}],"author":[{"embeddable":true,"href":"https:\/\/www.caririemacao.com\/1\/wp-json\/wp\/v2\/users\/2"}],"replies":[{"embeddable":true,"href":"https:\/\/www.caririemacao.com\/1\/wp-json\/wp\/v2\/comments?post=163334"}],"version-history":[{"count":1,"href":"https:\/\/www.caririemacao.com\/1\/wp-json\/wp\/v2\/posts\/163334\/revisions"}],"predecessor-version":[{"id":163335,"href":"https:\/\/www.caririemacao.com\/1\/wp-json\/wp\/v2\/posts\/163334\/revisions\/163335"}],"wp:featuredmedia":[{"embeddable":true,"href":"https:\/\/www.caririemacao.com\/1\/wp-json\/wp\/v2\/media\/152938"}],"wp:attachment":[{"href":"https:\/\/www.caririemacao.com\/1\/wp-json\/wp\/v2\/media?parent=163334"}],"wp:term":[{"taxonomy":"category","embeddable":true,"href":"https:\/\/www.caririemacao.com\/1\/wp-json\/wp\/v2\/categories?post=163334"},{"taxonomy":"post_tag","embeddable":true,"href":"https:\/\/www.caririemacao.com\/1\/wp-json\/wp\/v2\/tags?post=163334"}],"curies":[{"name":"wp","href":"https:\/\/api.w.org\/{rel}","templated":true}]}}