{"id":163345,"date":"2020-04-11T14:05:57","date_gmt":"2020-04-11T17:05:57","guid":{"rendered":"http:\/\/www.caririemacao.com\/1\/?p=163345"},"modified":"2020-04-11T14:06:00","modified_gmt":"2020-04-11T17:06:00","slug":"dia-de-conscientizacao-da-doenca-de-parkinson-busca-quebrar-tabus","status":"publish","type":"post","link":"https:\/\/www.caririemacao.com\/1\/2020\/04\/11\/dia-de-conscientizacao-da-doenca-de-parkinson-busca-quebrar-tabus\/","title":{"rendered":"Dia de Conscientiza\u00e7\u00e3o da Doen\u00e7a de Parkinson busca quebrar tabus"},"content":{"rendered":"\n<p> Lembrado neste s\u00e1bado (11), o Dia Mundial de Conscientiza\u00e7\u00e3o da Doen\u00e7a de Parkinson traz o alerta a respeito das dificuldades enfrentadas tanto no cotidiano como durante o tratamento do indiv\u00edduo afetado.<\/p>\n\n\n\n<p>A doen\u00e7a se manifesta de diferentes maneiras nos pacientes, o que dificulta o entendimento e suporte de familiares e amigos, al\u00e9m de um diagn\u00f3stico seguro. O m\u00fasico Ozzy Osbourne, ex-vocalista da banda brit\u00e2nica Black Sabbath, por exemplo, n\u00e3o apresenta os tremores popularmente conhecidos e muito caracter\u00edsticos.<\/p>\n\n\n\n<p>\u201cTrata-se de uma doen\u00e7a plural, que se apresenta de modos diversos. Os tremores e a rigidez muscular, duas particularidades do Parkinson que s\u00e3o mais comumente relatadas, tamb\u00e9m est\u00e3o presentes em outras patologias que ocasionam movimentos involunt\u00e1rios. Da mesma forma, outros sintomas tamb\u00e9m significantes se fazem presentes nela. Por isso, h\u00e1 muitos fatores para se basear e isso j\u00e1 representa um obst\u00e1culo\u201d, conta o neurocirurgi\u00e3o funcional, mestre e doutor pela Universidade Federal de S\u00e3o Paulo (Unifesp) Claudio Corr\u00eaa.<\/p>\n\n\n\n<p>Apesar de ser a segunda doen\u00e7a neurodegenerativa mais frequente no mundo, ficando atr\u00e1s apenas do Alzheimer, suas principais caracter\u00edsticas ainda s\u00e3o desconhecidas por muitas pessoas.<\/p>\n\n\n\n<p>Entre elas est\u00e3o lentid\u00e3o de movimentos; dificuldade para caminhar; desequil\u00edbrio; instabilidade postural; rigidez muscular; dores musculares; perda progressiva das express\u00f5es faciais; altera\u00e7\u00f5es na fala e na degluti\u00e7\u00e3o; problemas em movimentos finos, como escrita; quadros depressivos e tremores dos membros em repouso.<\/p>\n\n\n\n<figure class=\"wp-block-image\"><img decoding=\"async\" data-src=\"https:\/\/paraibaonline.com.br\/wp-content\/uploads\/2020\/04\/parkinson-567x339.jpg\" alt=\"Foto: Marcelo Camargo\/Arquivo\/Ag\u00eancia Brasil\" class=\"wp-image-849419 lazyload\" src=\"data:image\/svg+xml;base64,PHN2ZyB3aWR0aD0iMSIgaGVpZ2h0PSIxIiB4bWxucz0iaHR0cDovL3d3dy53My5vcmcvMjAwMC9zdmciPjwvc3ZnPg==\" style=\"--smush-placeholder-width: 567px; --smush-placeholder-aspect-ratio: 567\/339;\" \/><\/figure>\n\n\n\n<p>Foto: Marcelo Camargo\/Arquivo\/Ag\u00eancia Brasil<\/p>\n\n\n\n<p><strong>Diagn\u00f3stico<\/strong><\/p>\n\n\n\n<p>Para chegar ao diagn\u00f3stico da doen\u00e7a de Parkinson, inicialmente \u00e9 feita uma an\u00e1lise do hist\u00f3rico do paciente e uma avalia\u00e7\u00e3o neurol\u00f3gica que observa pelo menos tr\u00eas de quatro sinais: lentid\u00e3o e redu\u00e7\u00e3o dos movimentos, rigidez nos membros, tremores e problemas de postura.<\/p>\n\n\n\n<p>Exames de imagem, como a resson\u00e2ncia magn\u00e9tica e a tomografia computadorizada, raramente s\u00e3o solicitados, pois tipicamente n\u00e3o apresentam altera\u00e7\u00f5es.<\/p>\n\n\n\n<p>As dificuldades de quem tem a doen\u00e7a s\u00e3o muitas.<\/p>\n\n\n\n<p>\u201cV\u00e3o desde o preconceito, falta de entendimento e suporte de familiares e amigos \u00e0s peregrina\u00e7\u00f5es por muitos m\u00e9dicos e dificuldade em obter um diagn\u00f3stico seguro. Al\u00e9m disso, os sintomas apresentados pela doen\u00e7a v\u00e3o limitando a autonomia do paciente quando n\u00e3o s\u00e3o tratados. Muitos apresentam problemas s\u00e9rios para se alimentar, vestir a pr\u00f3pria roupa e at\u00e9 mesmo tomar banho\u201d, diz o neurocirurgi\u00e3o.<\/p>\n\n\n\n<p><strong>Tratamento<\/strong><\/p>\n\n\n\n<p>O tratamento evolui de acordo com o quadro apresentado. Em todos os casos, por\u00e9m, recomenda-se um acompanhamento multidisciplinar. Isso significa que diferentes \u00e1reas de atua\u00e7\u00e3o, como a psicologia, fisioterapia e fonoaudiologia, podem somar na reabilita\u00e7\u00e3o \u2013 tanto f\u00edsica como mental \u2013 do indiv\u00edduo. O objetivo \u00e9 n\u00e3o s\u00f3 conter a progress\u00e3o dos sintomas, mas devolver a capacidade funcional e a autonomia.<\/p>\n\n\n\n<p>\u201cAlgumas pessoas, por\u00e9m, recebem a recomenda\u00e7\u00e3o de passar por procedimentos cir\u00fargicos. O mais eficiente hoje \u00e9 a neuroestimula\u00e7\u00e3o cerebral profunda, do ingl\u00eas Deep Brain Stimulation, feita com o implante de eletrodos nas regi\u00f5es do c\u00e9rebro afetadas pela doen\u00e7a de Parkinson\u201d, explica Correa.<\/p>\n\n\n\n<p>O prop\u00f3sito do procedimento \u00e9 modular est\u00edmulos em pontos cerebrais espec\u00edficos, o que consegue normalizar ou reduzir bastante os tremores dos membros e a rigidez que limita a movimenta\u00e7\u00e3o do paciente, sendo uma t\u00e9cnica minimamente invasiva.<\/p>\n\n\n\n<p>A doen\u00e7a tem tratamento, mas n\u00e3o existe uma preven\u00e7\u00e3o espec\u00edfica, explica Correa. \u201cAinda n\u00e3o \u00e9 poss\u00edvel parar o rel\u00f3gio biol\u00f3gico conforme envelhecemos, mas uma boa alimenta\u00e7\u00e3o, pr\u00e1tica de atividades f\u00edsicas e conv\u00edvio social, bem como evitar o consumo excessivo de \u00e1lcool e tabaco, auxiliam na manuten\u00e7\u00e3o do sistema imunol\u00f3gico e tornam as fun\u00e7\u00f5es neurol\u00f3gicas mais resistentes aos processos degenerativos\u201d.<\/p>\n","protected":false},"excerpt":{"rendered":"<p>Lembrado neste s\u00e1bado (11), o Dia Mundial de Conscientiza\u00e7\u00e3o da Doen\u00e7a de Parkinson traz o alerta a respeito das dificuldades enfrentadas tanto no cotidiano como&hellip; <\/p>\n","protected":false},"author":2,"featured_media":163347,"comment_status":"closed","ping_status":"closed","sticky":false,"template":"","format":"standard","meta":{"sfsi_plus_gutenberg_text_before_share":"","sfsi_plus_gutenberg_show_text_before_share":"","sfsi_plus_gutenberg_icon_type":"","sfsi_plus_gutenberg_icon_alignemt":"","sfsi_plus_gutenburg_max_per_row":"","footnotes":""},"categories":[2],"tags":[],"class_list":["post-163345","post","type-post","status-publish","format-standard","has-post-thumbnail","hentry","category-geral"],"_links":{"self":[{"href":"https:\/\/www.caririemacao.com\/1\/wp-json\/wp\/v2\/posts\/163345","targetHints":{"allow":["GET"]}}],"collection":[{"href":"https:\/\/www.caririemacao.com\/1\/wp-json\/wp\/v2\/posts"}],"about":[{"href":"https:\/\/www.caririemacao.com\/1\/wp-json\/wp\/v2\/types\/post"}],"author":[{"embeddable":true,"href":"https:\/\/www.caririemacao.com\/1\/wp-json\/wp\/v2\/users\/2"}],"replies":[{"embeddable":true,"href":"https:\/\/www.caririemacao.com\/1\/wp-json\/wp\/v2\/comments?post=163345"}],"version-history":[{"count":1,"href":"https:\/\/www.caririemacao.com\/1\/wp-json\/wp\/v2\/posts\/163345\/revisions"}],"predecessor-version":[{"id":163348,"href":"https:\/\/www.caririemacao.com\/1\/wp-json\/wp\/v2\/posts\/163345\/revisions\/163348"}],"wp:featuredmedia":[{"embeddable":true,"href":"https:\/\/www.caririemacao.com\/1\/wp-json\/wp\/v2\/media\/163347"}],"wp:attachment":[{"href":"https:\/\/www.caririemacao.com\/1\/wp-json\/wp\/v2\/media?parent=163345"}],"wp:term":[{"taxonomy":"category","embeddable":true,"href":"https:\/\/www.caririemacao.com\/1\/wp-json\/wp\/v2\/categories?post=163345"},{"taxonomy":"post_tag","embeddable":true,"href":"https:\/\/www.caririemacao.com\/1\/wp-json\/wp\/v2\/tags?post=163345"}],"curies":[{"name":"wp","href":"https:\/\/api.w.org\/{rel}","templated":true}]}}