{"id":163352,"date":"2020-04-11T14:10:32","date_gmt":"2020-04-11T17:10:32","guid":{"rendered":"http:\/\/www.caririemacao.com\/1\/?p=163352"},"modified":"2020-04-11T14:10:34","modified_gmt":"2020-04-11T17:10:34","slug":"policia-civil-investiga-a-morte-de-um-bebe-no-agreste-paraibano","status":"publish","type":"post","link":"https:\/\/www.caririemacao.com\/1\/2020\/04\/11\/policia-civil-investiga-a-morte-de-um-bebe-no-agreste-paraibano\/","title":{"rendered":"Pol\u00edcia Civil investiga a morte de um beb\u00ea no Agreste paraibano"},"content":{"rendered":"\n<p>A morte de um beb\u00ea com apenas 16 dias de vida, que aconteceu nesta sexta-feira (10) na cidade de Araruna, no Agreste paraibano, est\u00e1 sendo investigada pela Pol\u00edcia Civil da Para\u00edba.<\/p>\n\n\n\n<p>A crian\u00e7a teria falecido durante uma discuss\u00e3o entre os pais. O pai do beb\u00ea teria chegado em casa alcoolizado.<\/p>\n\n\n\n<p>A crian\u00e7a teria passado mal. Ela foi levada para uma Unidade de Pronto Atendimento (UPA) da cidade, mas chegou morta ao local.<\/p>\n\n\n\n<p>Exames que foram feitos no beb\u00ea indicaram que a crian\u00e7a tinha cardiopatia.<\/p>\n","protected":false},"excerpt":{"rendered":"<p>A morte de um beb\u00ea com apenas 16 dias de vida, que aconteceu nesta sexta-feira (10) na cidade de Araruna, no Agreste paraibano, est\u00e1 sendo&hellip; <\/p>\n","protected":false},"author":2,"featured_media":163353,"comment_status":"closed","ping_status":"closed","sticky":false,"template":"","format":"standard","meta":{"sfsi_plus_gutenberg_text_before_share":"","sfsi_plus_gutenberg_show_text_before_share":"","sfsi_plus_gutenberg_icon_type":"","sfsi_plus_gutenberg_icon_alignemt":"","sfsi_plus_gutenburg_max_per_row":"","footnotes":""},"categories":[2],"tags":[],"class_list":["post-163352","post","type-post","status-publish","format-standard","has-post-thumbnail","hentry","category-geral"],"_links":{"self":[{"href":"https:\/\/www.caririemacao.com\/1\/wp-json\/wp\/v2\/posts\/163352","targetHints":{"allow":["GET"]}}],"collection":[{"href":"https:\/\/www.caririemacao.com\/1\/wp-json\/wp\/v2\/posts"}],"about":[{"href":"https:\/\/www.caririemacao.com\/1\/wp-json\/wp\/v2\/types\/post"}],"author":[{"embeddable":true,"href":"https:\/\/www.caririemacao.com\/1\/wp-json\/wp\/v2\/users\/2"}],"replies":[{"embeddable":true,"href":"https:\/\/www.caririemacao.com\/1\/wp-json\/wp\/v2\/comments?post=163352"}],"version-history":[{"count":1,"href":"https:\/\/www.caririemacao.com\/1\/wp-json\/wp\/v2\/posts\/163352\/revisions"}],"predecessor-version":[{"id":163354,"href":"https:\/\/www.caririemacao.com\/1\/wp-json\/wp\/v2\/posts\/163352\/revisions\/163354"}],"wp:featuredmedia":[{"embeddable":true,"href":"https:\/\/www.caririemacao.com\/1\/wp-json\/wp\/v2\/media\/163353"}],"wp:attachment":[{"href":"https:\/\/www.caririemacao.com\/1\/wp-json\/wp\/v2\/media?parent=163352"}],"wp:term":[{"taxonomy":"category","embeddable":true,"href":"https:\/\/www.caririemacao.com\/1\/wp-json\/wp\/v2\/categories?post=163352"},{"taxonomy":"post_tag","embeddable":true,"href":"https:\/\/www.caririemacao.com\/1\/wp-json\/wp\/v2\/tags?post=163352"}],"curies":[{"name":"wp","href":"https:\/\/api.w.org\/{rel}","templated":true}]}}