{"id":163355,"date":"2020-04-11T14:14:00","date_gmt":"2020-04-11T17:14:00","guid":{"rendered":"http:\/\/www.caririemacao.com\/1\/?p=163355"},"modified":"2020-04-11T14:14:02","modified_gmt":"2020-04-11T17:14:02","slug":"cariri-sera-palco-de-live-com-um-dos-maiores-expoentes-da-musica-popular-neste-sabado-11","status":"publish","type":"post","link":"https:\/\/www.caririemacao.com\/1\/2020\/04\/11\/cariri-sera-palco-de-live-com-um-dos-maiores-expoentes-da-musica-popular-neste-sabado-11\/","title":{"rendered":"Cariri ser\u00e1 palco de live com um dos maiores expoentes da m\u00fasica popular, neste s\u00e1bado (11)"},"content":{"rendered":"\n<p>A regi\u00e3o do Cariri vai ser palco de uma grande live, neste s\u00e1bado (11), \u00e0s 13h, diretamente da cidade de Monteiro, terra do caboclo sonhador, Fl\u00e1vio Jos\u00e9, que vai cantar grandes sucessos de sua carreira.<\/p>\n\n\n\n<p>A live vai acontecer pela plataforma You Tube, pelo canal:&nbsp;<a href=\"https:\/\/www.youtube.com\/user\/flaviojoseoficial\">https:\/\/www.youtube.com\/user\/flaviojoseoficial<\/a><\/p>\n\n\n\n<p>Fl\u00e1vio Jos\u00e9 \u00e9 um dos maiores expoentes da m\u00fasica nordestina e promete cantar grandes sucessos da carreira e contar com a intera\u00e7\u00e3o do p\u00fablico nas redes sociais.<\/p>\n\n\n\n<figure class=\"wp-block-image\"><img decoding=\"async\" data-src=\"http:\/\/www.blogdobrunolira.com.br\/wp-content\/uploads\/2020\/04\/92569117_2407052016062646_5152905846807592960_o.jpg\" alt=\"\" class=\"wp-image-21365 lazyload\" src=\"data:image\/svg+xml;base64,PHN2ZyB3aWR0aD0iMSIgaGVpZ2h0PSIxIiB4bWxucz0iaHR0cDovL3d3dy53My5vcmcvMjAwMC9zdmciPjwvc3ZnPg==\" \/><\/figure>\n\n\n\n<p><strong>Blog do Bruno Lira<\/strong><\/p>\n","protected":false},"excerpt":{"rendered":"<p>A regi\u00e3o do Cariri vai ser palco de uma grande live, neste s\u00e1bado (11), \u00e0s 13h, diretamente da cidade de Monteiro, terra do caboclo sonhador,&hellip; <\/p>\n","protected":false},"author":2,"featured_media":163356,"comment_status":"closed","ping_status":"closed","sticky":false,"template":"","format":"standard","meta":{"sfsi_plus_gutenberg_text_before_share":"","sfsi_plus_gutenberg_show_text_before_share":"","sfsi_plus_gutenberg_icon_type":"","sfsi_plus_gutenberg_icon_alignemt":"","sfsi_plus_gutenburg_max_per_row":"","footnotes":""},"categories":[2],"tags":[],"class_list":["post-163355","post","type-post","status-publish","format-standard","has-post-thumbnail","hentry","category-geral"],"_links":{"self":[{"href":"https:\/\/www.caririemacao.com\/1\/wp-json\/wp\/v2\/posts\/163355","targetHints":{"allow":["GET"]}}],"collection":[{"href":"https:\/\/www.caririemacao.com\/1\/wp-json\/wp\/v2\/posts"}],"about":[{"href":"https:\/\/www.caririemacao.com\/1\/wp-json\/wp\/v2\/types\/post"}],"author":[{"embeddable":true,"href":"https:\/\/www.caririemacao.com\/1\/wp-json\/wp\/v2\/users\/2"}],"replies":[{"embeddable":true,"href":"https:\/\/www.caririemacao.com\/1\/wp-json\/wp\/v2\/comments?post=163355"}],"version-history":[{"count":1,"href":"https:\/\/www.caririemacao.com\/1\/wp-json\/wp\/v2\/posts\/163355\/revisions"}],"predecessor-version":[{"id":163357,"href":"https:\/\/www.caririemacao.com\/1\/wp-json\/wp\/v2\/posts\/163355\/revisions\/163357"}],"wp:featuredmedia":[{"embeddable":true,"href":"https:\/\/www.caririemacao.com\/1\/wp-json\/wp\/v2\/media\/163356"}],"wp:attachment":[{"href":"https:\/\/www.caririemacao.com\/1\/wp-json\/wp\/v2\/media?parent=163355"}],"wp:term":[{"taxonomy":"category","embeddable":true,"href":"https:\/\/www.caririemacao.com\/1\/wp-json\/wp\/v2\/categories?post=163355"},{"taxonomy":"post_tag","embeddable":true,"href":"https:\/\/www.caririemacao.com\/1\/wp-json\/wp\/v2\/tags?post=163355"}],"curies":[{"name":"wp","href":"https:\/\/api.w.org\/{rel}","templated":true}]}}