{"id":163358,"date":"2020-04-11T14:15:27","date_gmt":"2020-04-11T17:15:27","guid":{"rendered":"http:\/\/www.caririemacao.com\/1\/?p=163358"},"modified":"2020-04-11T14:15:29","modified_gmt":"2020-04-11T17:15:29","slug":"veneziano-vital-questiona-criterios-para-que-a-paraiba-receba-os-menores-recursos-para-combate-ao-covid-19","status":"publish","type":"post","link":"https:\/\/www.caririemacao.com\/1\/2020\/04\/11\/veneziano-vital-questiona-criterios-para-que-a-paraiba-receba-os-menores-recursos-para-combate-ao-covid-19\/","title":{"rendered":"Veneziano Vital questiona crit\u00e9rios para que a Para\u00edba receba os menores recursos para combate ao covid-19"},"content":{"rendered":"\n<p>O senador Veneziano Vital do R\u00eago (PSB-PB) reagiu neste s\u00e1bado (11) \u00e0 decis\u00e3o do governo federal de enviar \u00e0 Para\u00edba os menores recursos, dentre os estados nordestinos, para investimento em a\u00e7\u00f5es de combate ao coronav\u00edrus. Ele questionou a n\u00e3o apresenta\u00e7\u00e3o dos crit\u00e9rios que acabaram por prejudicar a Para\u00edba e disse que levar\u00e1 esse questionamento \u00e0 sess\u00e3o virtual do Senado Federal marcada para a segunda-feira (13).<\/p>\n\n\n\n<p>\u201cEstamos questionando a falta de apresenta\u00e7\u00e3o de crit\u00e9rios na libera\u00e7\u00e3o de recursos para os estados, considerando a Para\u00edba ter sido o estado que menos recebeu transfer\u00eancias, mesmo sendo o estado com a 5\u00aa maior popula\u00e7\u00e3o da regi\u00e3o. Todos n\u00f3s queremos ver a a\u00e7\u00e3o e a iniciativa do governo federal nestas transfer\u00eancias, mas tamb\u00e9m queremos conhecer quais s\u00e3o os crit\u00e9rios que est\u00e3o sendo utilizados para que estas transfer\u00eancias sejam realizadas\u201d, afirmou o senador paraibano.<\/p>\n\n\n\n<p>Veneziano defendeu que o governo divulgue os crit\u00e9rios, pois sob qualquer aspecto que se apresente, a Para\u00edba n\u00e3o figura em \u00faltimo lugar, dentre os estados nordestinos: a Para\u00edba &nbsp;n\u00e3o \u00e9 o menor estado em termos territoriais, nem de popula\u00e7\u00e3o ou arrecada\u00e7\u00e3o, est\u00e1 em 6\u00ba lugar no n\u00famero de casos confirmados de coronav\u00edrus e rodeado por estados que registram grande quantidade de casos, al\u00e9m de estar em dia com suas obriga\u00e7\u00f5es em rela\u00e7\u00e3o ao Tesouro Nacional.<\/p>\n\n\n\n<p>O Estado da Para\u00edba receber\u00e1 do governo federal R$ 11,9 milh\u00f5es e todos os 223 munic\u00edpios juntos ter\u00e3o direito a apenas R$ 58 milh\u00f5es.<\/p>\n\n\n\n<p>Veneziano tamb\u00e9m questionou o fato de o governo federal ter divulgado a libera\u00e7\u00e3o de R$ 11,9 milh\u00f5es para o Estado da Para\u00edba, mas, efetivamente, n\u00e3o ter feito a transfer\u00eancia em sua integralidade, pois deste valor, a Para\u00edba recebeu apenas R$ 2,7 milh\u00f5es.<\/p>\n","protected":false},"excerpt":{"rendered":"<p>O senador Veneziano Vital do R\u00eago (PSB-PB) reagiu neste s\u00e1bado (11) \u00e0 decis\u00e3o do governo federal de enviar \u00e0 Para\u00edba os menores recursos, dentre os&hellip; <\/p>\n","protected":false},"author":2,"featured_media":163359,"comment_status":"closed","ping_status":"closed","sticky":false,"template":"","format":"standard","meta":{"sfsi_plus_gutenberg_text_before_share":"","sfsi_plus_gutenberg_show_text_before_share":"","sfsi_plus_gutenberg_icon_type":"","sfsi_plus_gutenberg_icon_alignemt":"","sfsi_plus_gutenburg_max_per_row":"","footnotes":""},"categories":[2],"tags":[],"class_list":["post-163358","post","type-post","status-publish","format-standard","has-post-thumbnail","hentry","category-geral"],"_links":{"self":[{"href":"https:\/\/www.caririemacao.com\/1\/wp-json\/wp\/v2\/posts\/163358","targetHints":{"allow":["GET"]}}],"collection":[{"href":"https:\/\/www.caririemacao.com\/1\/wp-json\/wp\/v2\/posts"}],"about":[{"href":"https:\/\/www.caririemacao.com\/1\/wp-json\/wp\/v2\/types\/post"}],"author":[{"embeddable":true,"href":"https:\/\/www.caririemacao.com\/1\/wp-json\/wp\/v2\/users\/2"}],"replies":[{"embeddable":true,"href":"https:\/\/www.caririemacao.com\/1\/wp-json\/wp\/v2\/comments?post=163358"}],"version-history":[{"count":1,"href":"https:\/\/www.caririemacao.com\/1\/wp-json\/wp\/v2\/posts\/163358\/revisions"}],"predecessor-version":[{"id":163360,"href":"https:\/\/www.caririemacao.com\/1\/wp-json\/wp\/v2\/posts\/163358\/revisions\/163360"}],"wp:featuredmedia":[{"embeddable":true,"href":"https:\/\/www.caririemacao.com\/1\/wp-json\/wp\/v2\/media\/163359"}],"wp:attachment":[{"href":"https:\/\/www.caririemacao.com\/1\/wp-json\/wp\/v2\/media?parent=163358"}],"wp:term":[{"taxonomy":"category","embeddable":true,"href":"https:\/\/www.caririemacao.com\/1\/wp-json\/wp\/v2\/categories?post=163358"},{"taxonomy":"post_tag","embeddable":true,"href":"https:\/\/www.caririemacao.com\/1\/wp-json\/wp\/v2\/tags?post=163358"}],"curies":[{"name":"wp","href":"https:\/\/api.w.org\/{rel}","templated":true}]}}