{"id":163364,"date":"2020-04-11T14:20:31","date_gmt":"2020-04-11T17:20:31","guid":{"rendered":"http:\/\/www.caririemacao.com\/1\/?p=163364"},"modified":"2020-04-11T14:20:33","modified_gmt":"2020-04-11T17:20:33","slug":"apos-1-mil-mortes-presidente-bolsonaro-republica-video-com-criticas-a-isolamento","status":"publish","type":"post","link":"https:\/\/www.caririemacao.com\/1\/2020\/04\/11\/apos-1-mil-mortes-presidente-bolsonaro-republica-video-com-criticas-a-isolamento\/","title":{"rendered":"Ap\u00f3s 1 mil mortes, presidente Bolsonaro republica v\u00eddeo com cr\u00edticas a isolamento"},"content":{"rendered":"\n<p>O presidente\u00a0Jair Bolsonaro (sem partido) repostou no Twitter neste s\u00e1bado (11) um v\u00eddeo, editado, defendendo a flexibiliza\u00e7\u00e3o do isolamento social, apesar da pandemia de covid-19, doen\u00e7a causada pelo novo coronav\u00edrus.<\/p>\n\n\n\n<p>Bolsonaro reproduziu o discurso de 25 de mar\u00e7o, quando o Brasil tinha 57 mortes e 2.433 casos segundo a contabilidade do governo federal. Hoje, de acordo com o Minist\u00e9rio da Sa\u00fade, s\u00e3o 1.056 \u00f3bitos e 19.638 casos confirmados.<\/p>\n\n\n\n<figure class=\"wp-block-image\"><a href=\"https:\/\/twitter.com\/jairbolsonaro\"><img decoding=\"async\" data-src=\"https:\/\/pbs.twimg.com\/profile_images\/1057631480459886595\/9VPdGJJz_bigger.jpg\" alt=\"\" src=\"data:image\/svg+xml;base64,PHN2ZyB3aWR0aD0iMSIgaGVpZ2h0PSIxIiB4bWxucz0iaHR0cDovL3d3dy53My5vcmcvMjAwMC9zdmciPjwvc3ZnPg==\" class=\"lazyload\" \/><\/a><\/figure>\n\n\n\n<p><a href=\"https:\/\/twitter.com\/jairbolsonaro\"><strong>Jair M. Bolsonaro<\/strong><strong>&#x2714;<\/strong>@jairbolsonaro<\/a><a href=\"https:\/\/twitter.com\/jairbolsonaro\/status\/1248950412989865984\"><\/a><\/p>\n\n\n\n<p>&#8211; H\u00e1 2 semanas falei sobre o que poderia acontecer no Brasil, caso se preocupassem apenas com um problema.<a href=\"https:\/\/twitter.com\/jairbolsonaro\/status\/1248950412989865984\"><\/a><a href=\"https:\/\/twitter.com\/intent\/like?tweet_id=1248950412989865984\">30&nbsp;mil<\/a><a href=\"https:\/\/twitter.com\/jairbolsonaro\/status\/1248950412989865984\">09:25 &#8211; 11 de abr de 2020<\/a><a href=\"https:\/\/support.twitter.com\/articles\/20175256\">Informa\u00e7\u00f5es e privacidade no Twitter Ads<\/a><a href=\"https:\/\/twitter.com\/jairbolsonaro\/status\/1248950412989865984\">11,7&nbsp;mil pessoas est\u00e3o falando sobre isso<\/a><\/p>\n\n\n\n<p>Bolsonaro \u00e9 contra medidas amplas de isolamento social e defende que parte da popula\u00e7\u00e3o retome as atividades econ\u00f4micas.<\/p>\n\n\n\n<p><strong>MaisPB<\/strong><\/p>\n\n\n\n<p><\/p>\n","protected":false},"excerpt":{"rendered":"<p>O presidente\u00a0Jair Bolsonaro (sem partido) repostou no Twitter neste s\u00e1bado (11) um v\u00eddeo, editado, defendendo a flexibiliza\u00e7\u00e3o do isolamento social, apesar da pandemia de covid-19,&hellip; <\/p>\n","protected":false},"author":2,"featured_media":163365,"comment_status":"closed","ping_status":"closed","sticky":false,"template":"","format":"standard","meta":{"sfsi_plus_gutenberg_text_before_share":"","sfsi_plus_gutenberg_show_text_before_share":"","sfsi_plus_gutenberg_icon_type":"","sfsi_plus_gutenberg_icon_alignemt":"","sfsi_plus_gutenburg_max_per_row":"","footnotes":""},"categories":[2],"tags":[],"class_list":["post-163364","post","type-post","status-publish","format-standard","has-post-thumbnail","hentry","category-geral"],"_links":{"self":[{"href":"https:\/\/www.caririemacao.com\/1\/wp-json\/wp\/v2\/posts\/163364","targetHints":{"allow":["GET"]}}],"collection":[{"href":"https:\/\/www.caririemacao.com\/1\/wp-json\/wp\/v2\/posts"}],"about":[{"href":"https:\/\/www.caririemacao.com\/1\/wp-json\/wp\/v2\/types\/post"}],"author":[{"embeddable":true,"href":"https:\/\/www.caririemacao.com\/1\/wp-json\/wp\/v2\/users\/2"}],"replies":[{"embeddable":true,"href":"https:\/\/www.caririemacao.com\/1\/wp-json\/wp\/v2\/comments?post=163364"}],"version-history":[{"count":1,"href":"https:\/\/www.caririemacao.com\/1\/wp-json\/wp\/v2\/posts\/163364\/revisions"}],"predecessor-version":[{"id":163366,"href":"https:\/\/www.caririemacao.com\/1\/wp-json\/wp\/v2\/posts\/163364\/revisions\/163366"}],"wp:featuredmedia":[{"embeddable":true,"href":"https:\/\/www.caririemacao.com\/1\/wp-json\/wp\/v2\/media\/163365"}],"wp:attachment":[{"href":"https:\/\/www.caririemacao.com\/1\/wp-json\/wp\/v2\/media?parent=163364"}],"wp:term":[{"taxonomy":"category","embeddable":true,"href":"https:\/\/www.caririemacao.com\/1\/wp-json\/wp\/v2\/categories?post=163364"},{"taxonomy":"post_tag","embeddable":true,"href":"https:\/\/www.caririemacao.com\/1\/wp-json\/wp\/v2\/tags?post=163364"}],"curies":[{"name":"wp","href":"https:\/\/api.w.org\/{rel}","templated":true}]}}