{"id":163368,"date":"2020-04-11T14:23:58","date_gmt":"2020-04-11T17:23:58","guid":{"rendered":"http:\/\/www.caririemacao.com\/1\/?p=163368"},"modified":"2020-04-11T14:24:00","modified_gmt":"2020-04-11T17:24:00","slug":"prefeitura-de-monteiro-emite-nota-rebatendo-informacao-fake-news-sobre-peixes","status":"publish","type":"post","link":"https:\/\/www.caririemacao.com\/1\/2020\/04\/11\/prefeitura-de-monteiro-emite-nota-rebatendo-informacao-fake-news-sobre-peixes\/","title":{"rendered":"Prefeitura de Monteiro emite nota rebatendo informa\u00e7\u00e3o fake news sobre peixes"},"content":{"rendered":"\n<p>&nbsp;Prefeitura Municipal de Monteiro emitiu uma nota na manh\u00e3 deste s\u00e1bado, 11, rebatendo uma mat\u00e9ria e v\u00eddeo que circulam, onde aparecem sacolas e peixes com a marca da Prefeitura Municipal.<\/p>\n\n\n\n<p><strong>NOTA<\/strong><\/p>\n\n\n\n<p>Arma\u00e7\u00e3o dos peixes<\/p>\n\n\n\n<p>A Prefeitura de Monteiro esclarece:<\/p>\n\n\n\n<p>1) Trata-se de arma\u00e7\u00e3o com interresse pol\u00edtico, um v\u00eddeo publicado nesta sexta-feira (10), nas redes sociais onde aparecem peixes e sacolas com a marca da Prefeitura de Monteiro. Convenhamos \u00e9 inimagin\u00e1vel o descarte de peixes! \u00c9 fake news.<\/p>\n\n\n\n<p>2) Vamos acionar a pol\u00edcia para investigar o fato.<\/p>\n\n\n\n<p>3) Lamentamos que em plena Semana Santa, no auge da pandemia do Covid-19, pessoas com interesse pol\u00edtico queiram denegrir a gest\u00e3o municipal.<\/p>\n\n\n\n<p>4) A Prefeitura informa que desde o in\u00edcio da semana foram distribu\u00eddas tr\u00eas toneladas de peixes \u00e0s fam\u00edlias inscritas nos programas sociais, al\u00e9m de mais de 5.000 kits nutricionais a todos os alunos da rede municipal de ensino, ainda 500 cestas b\u00e1sicas mensal ao benefici\u00e1rios do programa cesta social.<\/p>\n\n\n\n<p>5) Os ataques ao governo municipal s\u00e3o fruto do desespero de determinados agentes pol\u00edticos locais inconformados com o \u00eaxito da administra\u00e7\u00e3o da prefeita Anna Lorena. A cidade trabalho segue em frente com respeito e di\u00e1logo.<\/p>\n\n\n\n<p>Secretaria de Comunica\u00e7\u00e3o Institucional de Monteiro<\/p>\n","protected":false},"excerpt":{"rendered":"<p>&nbsp;Prefeitura Municipal de Monteiro emitiu uma nota na manh\u00e3 deste s\u00e1bado, 11, rebatendo uma mat\u00e9ria e v\u00eddeo que circulam, onde aparecem sacolas e peixes com&hellip; <\/p>\n","protected":false},"author":2,"featured_media":163369,"comment_status":"closed","ping_status":"closed","sticky":false,"template":"","format":"standard","meta":{"sfsi_plus_gutenberg_text_before_share":"","sfsi_plus_gutenberg_show_text_before_share":"","sfsi_plus_gutenberg_icon_type":"","sfsi_plus_gutenberg_icon_alignemt":"","sfsi_plus_gutenburg_max_per_row":"","footnotes":""},"categories":[2],"tags":[],"class_list":["post-163368","post","type-post","status-publish","format-standard","has-post-thumbnail","hentry","category-geral"],"_links":{"self":[{"href":"https:\/\/www.caririemacao.com\/1\/wp-json\/wp\/v2\/posts\/163368","targetHints":{"allow":["GET"]}}],"collection":[{"href":"https:\/\/www.caririemacao.com\/1\/wp-json\/wp\/v2\/posts"}],"about":[{"href":"https:\/\/www.caririemacao.com\/1\/wp-json\/wp\/v2\/types\/post"}],"author":[{"embeddable":true,"href":"https:\/\/www.caririemacao.com\/1\/wp-json\/wp\/v2\/users\/2"}],"replies":[{"embeddable":true,"href":"https:\/\/www.caririemacao.com\/1\/wp-json\/wp\/v2\/comments?post=163368"}],"version-history":[{"count":1,"href":"https:\/\/www.caririemacao.com\/1\/wp-json\/wp\/v2\/posts\/163368\/revisions"}],"predecessor-version":[{"id":163370,"href":"https:\/\/www.caririemacao.com\/1\/wp-json\/wp\/v2\/posts\/163368\/revisions\/163370"}],"wp:featuredmedia":[{"embeddable":true,"href":"https:\/\/www.caririemacao.com\/1\/wp-json\/wp\/v2\/media\/163369"}],"wp:attachment":[{"href":"https:\/\/www.caririemacao.com\/1\/wp-json\/wp\/v2\/media?parent=163368"}],"wp:term":[{"taxonomy":"category","embeddable":true,"href":"https:\/\/www.caririemacao.com\/1\/wp-json\/wp\/v2\/categories?post=163368"},{"taxonomy":"post_tag","embeddable":true,"href":"https:\/\/www.caririemacao.com\/1\/wp-json\/wp\/v2\/tags?post=163368"}],"curies":[{"name":"wp","href":"https:\/\/api.w.org\/{rel}","templated":true}]}}