{"id":163378,"date":"2020-04-11T14:39:33","date_gmt":"2020-04-11T17:39:33","guid":{"rendered":"http:\/\/www.caririemacao.com\/1\/?p=163378"},"modified":"2020-04-11T14:39:34","modified_gmt":"2020-04-11T17:39:34","slug":"raposa-divulga-programacao-para-comemorar-os-105-anos-do-clube","status":"publish","type":"post","link":"https:\/\/www.caririemacao.com\/1\/2020\/04\/11\/raposa-divulga-programacao-para-comemorar-os-105-anos-do-clube\/","title":{"rendered":"Raposa divulga programa\u00e7\u00e3o para comemorar os 105 anos do clube"},"content":{"rendered":"\n<p>Para n\u00e3o deixar passar em branco a data festiva, neste domingo (12), em virtude da pandemia do novo coronav\u00edrus, o Campinense preparou uma programa\u00e7\u00e3o especial para comemorar seus 105 anos. Por isso montou uma programa\u00e7\u00e3o digital utilizando as redes sociais do clube.<\/p>\n\n\n\n<p>A a\u00e7\u00e3o pede ao torcedor para vestir a camisa do Campinense, colocar a sua bandeira rubro-negra na janela de casa, registrar o momento e publicar marcando o perfil do Campinense no Instagram (@CampinenseClube), junto com a hashtag #Campinense105Anos<\/p>\n\n\n\n<p>00:00: Os perfis oficiais do clube nas redes sociais ser\u00e3o substitu\u00eddos por uma imagem alusiva ao anivers\u00e1rio de 105 anos de funda\u00e7\u00e3o.<\/p>\n\n\n\n<p>\u2013 A arte tamb\u00e9m ser\u00e1 publicada na linha do tempo\/feed e acompanhada de um texto fazendo refer\u00eancia ao anivers\u00e1rio de 105 anos.<\/p>\n\n\n\n<p>\u2013 A arte poder\u00e1 ser baixada em alta resolu\u00e7\u00e3o pelos torcedores atrav\u00e9s de um link que ser\u00e1 divulgado logo ap\u00f3s a altera\u00e7\u00e3o nos perfis.<\/p>\n\n\n\n<p>8h00: Um v\u00eddeo com a participa\u00e7\u00e3o de torcedores cantando trechos do hino do Campienense ser\u00e1 publicado em todas as redes sociais do clube.<\/p>\n\n\n\n<p>9h30: Divulga\u00e7\u00e3o de um v\u00eddeo do Presidente executivo, Paulo Gervany, deixando sua mensagem de parab\u00e9ns e sauda\u00e7\u00f5es rubro-negras aos 105 de hist\u00f3ria do Campinense Clube.<\/p>\n\n\n\n<p>11h30: Ser\u00e1 divulgado um v\u00eddeo gravado pelo atual comandante t\u00e9cnico, Oliveira Canind\u00e9 \u2013 Campe\u00e3o do Nordeste pela Raposa, deixando sua mensagem de parab\u00e9ns ao clube pelos seus 105 anos de funda\u00e7\u00e3o.<\/p>\n\n\n\n<p>\u2013 No decorrer do dia, outros v\u00eddeos ser\u00e3o publicados no feed e stories das redes sociais oficiais da Raposa.<\/p>\n\n\n\n<p><strong>PROGRAMA\u00c7\u00c3O DE LIVES DE ANIVERS\u00c1RIO:<\/strong><\/p>\n\n\n\n<p>14h00 \u2013 Live 1: contar\u00e1 com a participa\u00e7\u00e3o da historiadora e torcedora Giovanna Marques, sendo finalizada com um bate-papo com o Presidente executivo Paulo Gervany.<\/p>\n\n\n\n<p>Giovanna contar\u00e1 um pouco da hist\u00f3ria do Campinense desde a sua funda\u00e7\u00e3o, em 12 de abril de 1915, al\u00e9m de momentos marcantes da hist\u00f3ria da institui\u00e7\u00e3o durante essa trajet\u00f3ria vitoriosa no&nbsp;futebol paraibano e nordestino. Tamb\u00e9m destacaremos o livro escrito pela historiadora, intitulado \u201cQuem nasce em Campina Grande \u00e9 Campinense\u201d, lan\u00e7ado no ano passado.<\/p>\n\n\n\n<p>A primeira a\u00e7\u00e3o ser\u00e1 encerrada com a presen\u00e7a do Presidente Paulo Gervany, que abordar\u00e1 o momento atual do clube, o cen\u00e1rio moment\u00e2neo vivido pelo futebol brasileiro e as perspectivas tra\u00e7adas para o futuro.<\/p>\n\n\n\n<p>18h30 \u2013 Live 2: Contar\u00e1 com a participa\u00e7\u00e3o de alguns jogadores que fizeram hist\u00f3ria na Raposa. Entre eles, Marquinhos Marab\u00e1 (atacante), R\u00f4dy (volante), Roberto Dias (zagueiro), Pantera (Goleiro), Gledson (Goleiro) e Rodrig\u00e3o (atacante).<\/p>\n\n\n\n<p>PB Esportes com informa\u00e7\u00f5es da Ascom<\/p>\n","protected":false},"excerpt":{"rendered":"<p>Para n\u00e3o deixar passar em branco a data festiva, neste domingo (12), em virtude da pandemia do novo coronav\u00edrus, o Campinense preparou uma programa\u00e7\u00e3o especial&hellip; <\/p>\n","protected":false},"author":2,"featured_media":163379,"comment_status":"closed","ping_status":"closed","sticky":false,"template":"","format":"standard","meta":{"sfsi_plus_gutenberg_text_before_share":"","sfsi_plus_gutenberg_show_text_before_share":"","sfsi_plus_gutenberg_icon_type":"","sfsi_plus_gutenberg_icon_alignemt":"","sfsi_plus_gutenburg_max_per_row":"","footnotes":""},"categories":[2],"tags":[],"class_list":["post-163378","post","type-post","status-publish","format-standard","has-post-thumbnail","hentry","category-geral"],"_links":{"self":[{"href":"https:\/\/www.caririemacao.com\/1\/wp-json\/wp\/v2\/posts\/163378","targetHints":{"allow":["GET"]}}],"collection":[{"href":"https:\/\/www.caririemacao.com\/1\/wp-json\/wp\/v2\/posts"}],"about":[{"href":"https:\/\/www.caririemacao.com\/1\/wp-json\/wp\/v2\/types\/post"}],"author":[{"embeddable":true,"href":"https:\/\/www.caririemacao.com\/1\/wp-json\/wp\/v2\/users\/2"}],"replies":[{"embeddable":true,"href":"https:\/\/www.caririemacao.com\/1\/wp-json\/wp\/v2\/comments?post=163378"}],"version-history":[{"count":1,"href":"https:\/\/www.caririemacao.com\/1\/wp-json\/wp\/v2\/posts\/163378\/revisions"}],"predecessor-version":[{"id":163380,"href":"https:\/\/www.caririemacao.com\/1\/wp-json\/wp\/v2\/posts\/163378\/revisions\/163380"}],"wp:featuredmedia":[{"embeddable":true,"href":"https:\/\/www.caririemacao.com\/1\/wp-json\/wp\/v2\/media\/163379"}],"wp:attachment":[{"href":"https:\/\/www.caririemacao.com\/1\/wp-json\/wp\/v2\/media?parent=163378"}],"wp:term":[{"taxonomy":"category","embeddable":true,"href":"https:\/\/www.caririemacao.com\/1\/wp-json\/wp\/v2\/categories?post=163378"},{"taxonomy":"post_tag","embeddable":true,"href":"https:\/\/www.caririemacao.com\/1\/wp-json\/wp\/v2\/tags?post=163378"}],"curies":[{"name":"wp","href":"https:\/\/api.w.org\/{rel}","templated":true}]}}