{"id":163383,"date":"2020-04-12T07:26:02","date_gmt":"2020-04-12T10:26:02","guid":{"rendered":"http:\/\/www.caririemacao.com\/1\/?p=163383"},"modified":"2020-04-12T07:26:04","modified_gmt":"2020-04-12T10:26:04","slug":"sobe-para-13-o-numero-de-mortes-por-coronavirus-na-paraiba-e-mais-de-100-casos-ja-foram-confirmados","status":"publish","type":"post","link":"https:\/\/www.caririemacao.com\/1\/2020\/04\/12\/sobe-para-13-o-numero-de-mortes-por-coronavirus-na-paraiba-e-mais-de-100-casos-ja-foram-confirmados\/","title":{"rendered":"Sobe para 13 o n\u00famero de mortes por coronav\u00edrus na Para\u00edba e mais de 100 casos j\u00e1 foram confirmados"},"content":{"rendered":"\n<p>A Secretaria de Estado da Sa\u00fade confirmou 13 mortes por coronav\u00edrus na Para\u00edba, em&nbsp;boletim divulgado no fim da tarde deste s\u00e1bado (11). Agora j\u00e1 s\u00e3o 101 casos de infectados pela Covid-19 no estado.<\/p>\n\n\n\n<p>A Para\u00edba tem, neste s\u00e1bado, 832 casos descartados e 43 pessoas recuperadas do novo coronav\u00edrus.<\/p>\n\n\n\n<p>Neste s\u00e1bado, 11 de abril, a Para\u00edba superou a marca de 100 casos confirmados de coronav\u00edrus. Estes casos est\u00e3o distribu\u00eddos em 10 Munic\u00edpios: Jo\u00e3o Pessoa (78); Santa Rita (07); Cabedelo (04); Patos (04); Campina Grande (03); Igaracy (01); Junco do Serid\u00f3 (01); Serra Branca (01), Sousa (01) e Bayeux (01).<\/p>\n\n\n\n<p>Os dois \u00f3bitos confirmados neste&nbsp;s\u00e1bado s\u00e3o:<\/p>\n\n\n\n<ol class=\"wp-block-list\"><li>Homem, 91 anos, residente do munic\u00edpio de Bayeux. O paciente era tabagista e ex etilista. \u00d3bito ocorrido no dia 06\/04 em hospital p\u00fablico.<\/li><li>Mulher, 90 anos, residente no munic\u00edpio de Jo\u00e3o Pessoa. \u00d3bito ocorrido em 09\/04 em hospital p\u00fablico.<\/li><\/ol>\n\n\n\n<p>Neste s\u00e1bado, o Laborat\u00f3rio Central da Para\u00edba anunciou que concluiu todas as an\u00e1lises de amostras vi\u00e1veis de investiga\u00e7\u00e3o do Covid-19. A partir da pr\u00f3xima segunda, o resultado dos exames acompanha o movimento da curva ascendente da doen\u00e7a em tempo oportuno.<\/p>\n\n\n\n<p>A secretaria de Estado da Sa\u00fade publicar\u00e1 Boletim Epidemiol\u00f3gico na pr\u00f3xima ter\u00e7a, 14 de abril, onde trar\u00e1 o perfil dos casos confirmados na Para\u00edba.<\/p>\n\n\n\n<p><em>Click PB<\/em><\/p>\n","protected":false},"excerpt":{"rendered":"<p>A Secretaria de Estado da Sa\u00fade confirmou 13 mortes por coronav\u00edrus na Para\u00edba, em&nbsp;boletim divulgado no fim da tarde deste s\u00e1bado (11). Agora j\u00e1 s\u00e3o&hellip; <\/p>\n","protected":false},"author":2,"featured_media":162563,"comment_status":"closed","ping_status":"closed","sticky":false,"template":"","format":"standard","meta":{"sfsi_plus_gutenberg_text_before_share":"","sfsi_plus_gutenberg_show_text_before_share":"","sfsi_plus_gutenberg_icon_type":"","sfsi_plus_gutenberg_icon_alignemt":"","sfsi_plus_gutenburg_max_per_row":"","footnotes":""},"categories":[50,16],"tags":[],"class_list":["post-163383","post","type-post","status-publish","format-standard","has-post-thumbnail","hentry","category-destaque","category-saude"],"_links":{"self":[{"href":"https:\/\/www.caririemacao.com\/1\/wp-json\/wp\/v2\/posts\/163383","targetHints":{"allow":["GET"]}}],"collection":[{"href":"https:\/\/www.caririemacao.com\/1\/wp-json\/wp\/v2\/posts"}],"about":[{"href":"https:\/\/www.caririemacao.com\/1\/wp-json\/wp\/v2\/types\/post"}],"author":[{"embeddable":true,"href":"https:\/\/www.caririemacao.com\/1\/wp-json\/wp\/v2\/users\/2"}],"replies":[{"embeddable":true,"href":"https:\/\/www.caririemacao.com\/1\/wp-json\/wp\/v2\/comments?post=163383"}],"version-history":[{"count":1,"href":"https:\/\/www.caririemacao.com\/1\/wp-json\/wp\/v2\/posts\/163383\/revisions"}],"predecessor-version":[{"id":163384,"href":"https:\/\/www.caririemacao.com\/1\/wp-json\/wp\/v2\/posts\/163383\/revisions\/163384"}],"wp:featuredmedia":[{"embeddable":true,"href":"https:\/\/www.caririemacao.com\/1\/wp-json\/wp\/v2\/media\/162563"}],"wp:attachment":[{"href":"https:\/\/www.caririemacao.com\/1\/wp-json\/wp\/v2\/media?parent=163383"}],"wp:term":[{"taxonomy":"category","embeddable":true,"href":"https:\/\/www.caririemacao.com\/1\/wp-json\/wp\/v2\/categories?post=163383"},{"taxonomy":"post_tag","embeddable":true,"href":"https:\/\/www.caririemacao.com\/1\/wp-json\/wp\/v2\/tags?post=163383"}],"curies":[{"name":"wp","href":"https:\/\/api.w.org\/{rel}","templated":true}]}}