{"id":163387,"date":"2020-04-12T07:28:02","date_gmt":"2020-04-12T10:28:02","guid":{"rendered":"http:\/\/www.caririemacao.com\/1\/?p=163387"},"modified":"2020-04-12T07:28:04","modified_gmt":"2020-04-12T10:28:04","slug":"bolsonaro-visita-obra-de-hospital-provoca-novas-aglomeracoes-e-e-criticado-por-ministros","status":"publish","type":"post","link":"https:\/\/www.caririemacao.com\/1\/2020\/04\/12\/bolsonaro-visita-obra-de-hospital-provoca-novas-aglomeracoes-e-e-criticado-por-ministros\/","title":{"rendered":"Bolsonaro visita obra de hospital, provoca novas aglomera\u00e7\u00f5es e \u00e9 criticado por ministros"},"content":{"rendered":"\n<p>O presidente Jair Bolsonaro (sem partido) mais uma vez ignorou orienta\u00e7\u00f5es de autoridades sanit\u00e1rias no&nbsp;enfrentamento ao coronav\u00edrus&nbsp;e&nbsp;promoveu aglomera\u00e7\u00f5es neste s\u00e1bado (11) ao visitar a rec\u00e9m-iniciada obra de um hospital de campanha&nbsp;em \u00c1guas Lindas de Goi\u00e1s (GO), munic\u00edpio a 57 km de Bras\u00edlia.<\/p>\n\n\n\n<p>O ministro Luiz Henrique Mandetta (Sa\u00fade), que acompanhou de longe as aglomera\u00e7\u00f5es, criticou o comportamento do presidente. Mandetta viveu nos \u00faltimos dias momentos de intenso embate com Bolsonaro, correu risco de demiss\u00e3o, mas segue no cargo ap\u00f3s conversa direta com o presidente.<\/p>\n\n\n\n<p>Neste s\u00e1bado, autoridades e convidados se aglomeraram na chegada do presidente ao canteiro de obras da unidade emergencial. Do lado de fora, dezenas de pessoas se amontoaram pr\u00f3ximo ao terreno.<\/p>\n\n\n\n<p>O presidente fez o deslocamento de helic\u00f3ptero, o que o impossibilitou de ler placas espalhadas pela prefeitura da cidade na estrada onde estava escrito \u201cProteja-se. S\u00f3 h\u00e1 uma maneira de conter o coronav\u00edrus: preven\u00e7\u00e3o. Por isso, fique em casa! \u00c1guas Lindas precisa vencer mais esta batalha\u201d.<\/p>\n\n\n\n<p>Os apoiadores gritavam a favor de Bolsonaro e contra a imprensa e o governador Ronaldo Caiado (DEM-GO),&nbsp;que rompeu politicamente com o presidente por discordar de sua postura no enfrentamento da crise.<\/p>\n\n\n\n<p>Alguns carregavam tamb\u00e9m cartazes onde se lia \u201crem\u00e9dio do Bolsonaro\u201d, uma men\u00e7\u00e3o \u00e0&nbsp;hidroxicloroquina, medicamento ainda em teste e cujo uso amplo \u00e9 defendido por Bolsonaro.<\/p>\n\n\n\n<p>Assim que desceu do helic\u00f3ptero, Bolsonaro subiu em um barranco e foi at\u00e9 um grupo pr\u00f3ximo a um cord\u00e3o de isolamento. Em seguida, aproximando-se de Caiado, brincou com o governador, que estendeu um pote de \u00e1lcool em gel ao presidente.<\/p>\n\n\n\n<p>T\u00e9cnicos apresentaram a planta do hospital a Bolsonaro e o governador agradeceu a execu\u00e7\u00e3o da obra. N\u00e3o houve discursos.<\/p>\n\n\n\n<p>Depois da visita, \u00e0 qual a imprensa n\u00e3o teve acesso, seguiu&nbsp;foi at\u00e9 outros focos de aglomera\u00e7\u00e3o. Bolsonaro retirou a m\u00e1scara enquanto cumprimentava os simpatizantes.<\/p>\n\n\n\n<p>Ap\u00f3s a partida do presidente,&nbsp;Mandetta condenou a aglomera\u00e7\u00e3o de pessoas. \u201c\u200bPosso recomendar, n\u00e3o posso viver a vida das pessoas. Pessoas que fazem uma atitude dessas hoje daqui a pouco v\u00e3o ser as mesmas que v\u00e3o estar lamentando\u201d, afirmou o ministro.<\/p>\n\n\n\n<p>Questionado se a orienta\u00e7\u00e3o valia tamb\u00e9m para o presidente da Rep\u00fablica, Mandetta afirmou que \u201cvale para todos os brasileiros\u201d. Mandetta n\u00e3o acompanhou Bolsonaro no momento em que ele foi at\u00e9 as pessoas. \u201cProcuro seguir uma l\u00f3gica de n\u00e3o aglomera\u00e7\u00e3o\u201d, disse o ministro.<\/p>\n\n\n\n<p>Caiado tamb\u00e9m falou em tom cr\u00edtico \u00e0 atitude de Bolsonaro em \u00c1guas Lindas de Goi\u00e1s.<\/p>\n\n\n\n<p>\u201cEle [Bolsonaro] que dever\u00e1 explicar esta situa\u00e7\u00e3o. Esta posi\u00e7\u00e3o n\u00e3o foi a minha. Ele \u00e9 o presidente, e eu sou o governador. A minha posi\u00e7\u00e3o foi a que voc\u00eas acompanharam. Esta \u00e9 a posi\u00e7\u00e3o que manteremos at\u00e9 o dia 19\u201d, afirmou o governador de Goi\u00e1s, mencionando a data em que o estado deve come\u00e7ar a flexibilizar o isolamento social em algumas regi\u00f5es.<\/p>\n\n\n\n<p>Caiado foi criticado por um grupo de moradores por causa das regras de restri\u00e7\u00e3o&nbsp;de funcionamento do com\u00e9rcio. \u201cEu sigo a parte da ci\u00eancia e sigo tamb\u00e9m as regras do Minist\u00e9rio da Sa\u00fade. Ent\u00e3o, esta \u00e9 minha posi\u00e7\u00e3o. As regras implantadas no estado de Goi\u00e1s s\u00e3o as regras do Minist\u00e9rio da Sa\u00fade. Ent\u00e3o, minha posi\u00e7\u00e3o \u00e9 contra a libera\u00e7\u00e3o neste momento\u201d, afirmou.\u200b<\/p>\n\n\n\n<p><em>Com Folha de S\u00e3o Paulo&nbsp;<\/em><\/p>\n\n\n\n<p><em>Foto\/Reprodu\u00e7\u00e3o: Marcelo Ferreira\/CB\/D.A Press<\/em><\/p>\n","protected":false},"excerpt":{"rendered":"<p>O presidente Jair Bolsonaro (sem partido) mais uma vez ignorou orienta\u00e7\u00f5es de autoridades sanit\u00e1rias no&nbsp;enfrentamento ao coronav\u00edrus&nbsp;e&nbsp;promoveu aglomera\u00e7\u00f5es neste s\u00e1bado (11) ao visitar a rec\u00e9m-iniciada&hellip; <\/p>\n","protected":false},"author":2,"featured_media":163388,"comment_status":"closed","ping_status":"closed","sticky":false,"template":"","format":"standard","meta":{"sfsi_plus_gutenberg_text_before_share":"","sfsi_plus_gutenberg_show_text_before_share":"","sfsi_plus_gutenberg_icon_type":"","sfsi_plus_gutenberg_icon_alignemt":"","sfsi_plus_gutenburg_max_per_row":"","footnotes":""},"categories":[50,11],"tags":[],"class_list":["post-163387","post","type-post","status-publish","format-standard","has-post-thumbnail","hentry","category-destaque","category-politica"],"_links":{"self":[{"href":"https:\/\/www.caririemacao.com\/1\/wp-json\/wp\/v2\/posts\/163387","targetHints":{"allow":["GET"]}}],"collection":[{"href":"https:\/\/www.caririemacao.com\/1\/wp-json\/wp\/v2\/posts"}],"about":[{"href":"https:\/\/www.caririemacao.com\/1\/wp-json\/wp\/v2\/types\/post"}],"author":[{"embeddable":true,"href":"https:\/\/www.caririemacao.com\/1\/wp-json\/wp\/v2\/users\/2"}],"replies":[{"embeddable":true,"href":"https:\/\/www.caririemacao.com\/1\/wp-json\/wp\/v2\/comments?post=163387"}],"version-history":[{"count":1,"href":"https:\/\/www.caririemacao.com\/1\/wp-json\/wp\/v2\/posts\/163387\/revisions"}],"predecessor-version":[{"id":163389,"href":"https:\/\/www.caririemacao.com\/1\/wp-json\/wp\/v2\/posts\/163387\/revisions\/163389"}],"wp:featuredmedia":[{"embeddable":true,"href":"https:\/\/www.caririemacao.com\/1\/wp-json\/wp\/v2\/media\/163388"}],"wp:attachment":[{"href":"https:\/\/www.caririemacao.com\/1\/wp-json\/wp\/v2\/media?parent=163387"}],"wp:term":[{"taxonomy":"category","embeddable":true,"href":"https:\/\/www.caririemacao.com\/1\/wp-json\/wp\/v2\/categories?post=163387"},{"taxonomy":"post_tag","embeddable":true,"href":"https:\/\/www.caririemacao.com\/1\/wp-json\/wp\/v2\/tags?post=163387"}],"curies":[{"name":"wp","href":"https:\/\/api.w.org\/{rel}","templated":true}]}}